{"id":488555,"date":"2017-07-15T13:44:35","date_gmt":"2017-07-15T18:44:35","guid":{"rendered":"https:\/\/www.futboltotal.com.mx\/?p=488555"},"modified":"2017-07-15T13:44:35","modified_gmt":"2017-07-15T18:44:35","slug":"posible-zlatan-regrese-jose-mourinho","status":"publish","type":"post","link":"http:\/\/desarrollo.grupomedios.com\/futbol\/futbol-internacional\/posible-zlatan-regrese-jose-mourinho\/2017\/07","title":{"rendered":"Es posible que Zlatan regrese: Jos\u00e9 Mourinho"},"content":{"rendered":"<p>A pesar que <strong>Machester United<\/strong> indic\u00f3 que ya no renovar\u00edan al futbolista, <strong>Zlatan Ibrahimovic<\/strong>, el t\u00e9cnico <strong>Jos\u00e9 Mourrinho<\/strong> ha abierto de nuevo las puertas para un posible regreso.<\/p>\n<blockquote><p>\u201cEs posible que\u00a0<strong>Ibra\u00a0<\/strong>regrese. Todo est\u00e1 abierto. No hubo un\u00a0nuevo\u00a0contrato para \u00e9l, pero hay tiempo para que todas las partes se lo piensen, lo sientan y lo decidan\u201d, mencion\u00f3 el estratega lusitano durante una conferencia de prensa.<\/p><\/blockquote>\n<p style=\"text-align: center;\"><span style=\"color: #333399;\"><a style=\"color: #333399;\" href=\"https:\/\/www.futboltotal.com.mx\/2017\/07\/chelsea-le-roba-una-sus-joyas-al-monaco\/\" target=\"_blank\" rel=\"noopener noreferrer\">VER M\u00c1S: Chelsea le roba una de sus joyas al M\u00f3naco<\/a><\/span><\/p>\n<p>Indic\u00f3 que los <strong>Red Devils<\/strong> le permitieron al sueco rehabilitarse en las instalaciones porque esperan contarl con \u00e9l.<\/p>\n<blockquote>\n<p style=\"padding-left: 30px;\">&#8220;Le hemos abierto la puerta, permiti\u00e9ndole que acabe su recuperaci\u00f3n con nosotros. Tomemos una decisi\u00f3n que nos haga felices a todos; si eso quiere decir que\u00a0<strong>Zlatan\u00a0<\/strong>sigue con nosotros y que deberemos esperar incluso hasta diciembre para poder contar con \u00e9l, \u00bfpor qu\u00e9 no \u00edbamos a esperar a un jugador que nos ha dado tanto?\u201d, agreg\u00f3.<\/p>\n<p style=\"padding-left: 30px; text-align: center;\"><span style=\"color: #333399;\"><a style=\"color: #333399;\" href=\"https:\/\/www.futboltotal.com.mx\/2017\/07\/la-gente-en-mexico-cree-facil-estar-en-europa-memo-ochoa\/\" target=\"_blank\" rel=\"noopener noreferrer\">VER M\u00c1S: Ochoa defiende su paso por Europa<\/a><\/span><\/p>\n<\/blockquote>\n","protected":false},"excerpt":{"rendered":"<p>El estratega portugu\u00e9s no le ha cerrado las puertas al delantero sueco<\/p>\n","protected":false},"author":20,"featured_media":461675,"comment_status":"closed","ping_status":"closed","sticky":false,"template":"","format":"standard","meta":[],"categories":[3839],"tags":[288,43,6059],"_links":{"self":[{"href":"http:\/\/desarrollo.grupomedios.com\/futbol\/wp-json\/wp\/v2\/posts\/488555"}],"collection":[{"href":"http:\/\/desarrollo.grupomedios.com\/futbol\/wp-json\/wp\/v2\/posts"}],"about":[{"href":"http:\/\/desarrollo.grupomedios.com\/futbol\/wp-json\/wp\/v2\/types\/post"}],"author":[{"embeddable":true,"href":"http:\/\/desarrollo.grupomedios.com\/futbol\/wp-json\/wp\/v2\/users\/20"}],"replies":[{"embeddable":true,"href":"http:\/\/desarrollo.grupomedios.com\/futbol\/wp-json\/wp\/v2\/comments?post=488555"}],"version-history":[{"count":1,"href":"http:\/\/desarrollo.grupomedios.com\/futbol\/wp-json\/wp\/v2\/posts\/488555\/revisions"}],"predecessor-version":[{"id":488558,"href":"http:\/\/desarrollo.grupomedios.com\/futbol\/wp-json\/wp\/v2\/posts\/488555\/revisions\/488558"}],"wp:featuredmedia":[{"embeddable":true,"href":"http:\/\/desarrollo.grupomedios.com\/futbol\/wp-json\/wp\/v2\/media\/461675"}],"wp:attachment":[{"href":"http:\/\/desarrollo.grupomedios.com\/futbol\/wp-json\/wp\/v2\/media?parent=488555"}],"wp:term":[{"taxonomy":"category","embeddable":true,"href":"http:\/\/desarrollo.grupomedios.com\/futbol\/wp-json\/wp\/v2\/categories?post=488555"},{"taxonomy":"post_tag","embeddable":true,"href":"http:\/\/desarrollo.grupomedios.com\/futbol\/wp-json\/wp\/v2\/tags?post=488555"}],"curies":[{"name":"wp","href":"https:\/\/api.w.org\/{rel}","templated":true}]}}