{"id":488560,"date":"2017-07-15T14:06:07","date_gmt":"2017-07-15T19:06:07","guid":{"rendered":"https:\/\/www.futboltotal.com.mx\/?p=488560"},"modified":"2017-07-15T14:06:07","modified_gmt":"2017-07-15T19:06:07","slug":"se-burlan-conor-mcgregor-comparandolo-don-ramon","status":"publish","type":"post","link":"http:\/\/desarrollo.grupomedios.com\/futbol\/videos\/se-burlan-conor-mcgregor-comparandolo-don-ramon\/2017\/07","title":{"rendered":"Se burlan de Conor McGregor compar\u00e1ndolo con Don Ram\u00f3n"},"content":{"rendered":"<p>La pelea que se celebrar\u00e1 a fines de agosto, entre Floyd Mayweather y <strong>Conor McGregor<\/strong>, ha generado mucha expectativa y tambi\u00e9n muchas burlas, pues los usuarios de Internet aprovecharon un video del luchador de artes marciales mixtas para comparar sus habilidades en el boxeo con las de <strong>Don Ram\u00f3n<\/strong>, a quien se\u00f1alan como el maestro del pugilismo.<\/p>\n<p style=\"text-align: center;\"><span style=\"color: #3366ff;\"><a style=\"color: #3366ff;\" href=\"https:\/\/www.futboltotal.com.mx\/2017\/07\/jose-luis-higuera-arremete-contra-gerardo-velazquez-leon\/\" target=\"_blank\" rel=\"noopener noreferrer\"><strong>VER M\u00c1S: Higuera tunde a comentarista deportivo<\/strong><\/a><\/span><\/p>\n<p><iframe loading=\"lazy\" src=\"https:\/\/www.youtube.com\/embed\/jiPtDH9KwJ4\" frameborder=\"0\" allowfullscreen=\"allowfullscreen\"><\/iframe><\/p>\n<p style=\"text-align: center;\"><span style=\"color: #3366ff;\"><a style=\"color: #3366ff;\" href=\"https:\/\/www.futboltotal.com.mx\/2017\/07\/campeon-del-mundo-sub-17-a-desempleado\/\" target=\"_blank\" rel=\"noopener noreferrer\"><strong>VER M\u00c1S: De campe\u00f3n Sub-17 a desempleado<\/strong><\/a><\/span><\/p>\n","protected":false},"excerpt":{"rendered":"<p>Usuarios creen que el gladiador es tan bueno en boxeo como el hist\u00f3rico fan del Necaxa.<\/p>\n","protected":false},"author":20,"featured_media":488561,"comment_status":"closed","ping_status":"closed","sticky":false,"template":"","format":"standard","meta":[],"categories":[6282,5418,6411,4,6433],"tags":[5936,5461],"_links":{"self":[{"href":"http:\/\/desarrollo.grupomedios.com\/futbol\/wp-json\/wp\/v2\/posts\/488560"}],"collection":[{"href":"http:\/\/desarrollo.grupomedios.com\/futbol\/wp-json\/wp\/v2\/posts"}],"about":[{"href":"http:\/\/desarrollo.grupomedios.com\/futbol\/wp-json\/wp\/v2\/types\/post"}],"author":[{"embeddable":true,"href":"http:\/\/desarrollo.grupomedios.com\/futbol\/wp-json\/wp\/v2\/users\/20"}],"replies":[{"embeddable":true,"href":"http:\/\/desarrollo.grupomedios.com\/futbol\/wp-json\/wp\/v2\/comments?post=488560"}],"version-history":[{"count":1,"href":"http:\/\/desarrollo.grupomedios.com\/futbol\/wp-json\/wp\/v2\/posts\/488560\/revisions"}],"predecessor-version":[{"id":488562,"href":"http:\/\/desarrollo.grupomedios.com\/futbol\/wp-json\/wp\/v2\/posts\/488560\/revisions\/488562"}],"wp:featuredmedia":[{"embeddable":true,"href":"http:\/\/desarrollo.grupomedios.com\/futbol\/wp-json\/wp\/v2\/media\/488561"}],"wp:attachment":[{"href":"http:\/\/desarrollo.grupomedios.com\/futbol\/wp-json\/wp\/v2\/media?parent=488560"}],"wp:term":[{"taxonomy":"category","embeddable":true,"href":"http:\/\/desarrollo.grupomedios.com\/futbol\/wp-json\/wp\/v2\/categories?post=488560"},{"taxonomy":"post_tag","embeddable":true,"href":"http:\/\/desarrollo.grupomedios.com\/futbol\/wp-json\/wp\/v2\/tags?post=488560"}],"curies":[{"name":"wp","href":"https:\/\/api.w.org\/{rel}","templated":true}]}}