{"id":488592,"date":"2017-07-15T17:49:42","date_gmt":"2017-07-15T22:49:42","guid":{"rendered":"https:\/\/www.futboltotal.com.mx\/?p=488592"},"modified":"2017-07-15T17:49:42","modified_gmt":"2017-07-15T22:49:42","slug":"campos-jimenez-reyes-regreso-al-barrio-las-retas-nike","status":"publish","type":"post","link":"http:\/\/desarrollo.grupomedios.com\/futbol\/futbol-mexicano\/campos-jimenez-reyes-regreso-al-barrio-las-retas-nike\/2017\/07","title":{"rendered":"Campos, Jim\u00e9nez y Reyes, de regreso al barrio con las retas de Nike"},"content":{"rendered":"<p>Con motivo de la <span style=\"color: #3366ff;\"><a style=\"color: #3366ff;\" href=\"https:\/\/www.futboltotal.com.mx\/2017\/07\/nike-presenta-nueva-linea-zapatos\/\" target=\"_blank\" rel=\"noopener noreferrer\">presentaci\u00f3n de su nueva colecci\u00f3n<\/a><\/span> P\u00f3ntelo, R\u00edfate, <strong>Nike<\/strong> prepar\u00f3 un mini torneo de retas futbol r\u00e1pido y sorprendi\u00f3 a cientos de j\u00f3venes con la sorpresa de jugar con dos jugadores de la Selecci\u00f3n Mexicana y un invitado m\u00e1s como leyendas.<\/p>\n<p>Al rededor de las 11 de la ma\u00f1ana, el Centro Urbano Alem\u00e1n, en la Ciudad de M\u00e9xico, vio la presencia de varios j\u00f3venes mostrando sus mejores habilidades en la cancha, hasta que fueron sorprendidos.<\/p>\n<p style=\"text-align: center;\"><span style=\"color: #3366ff;\"><a style=\"color: #3366ff;\" href=\"https:\/\/www.futboltotal.com.mx\/2017\/07\/la-gente-en-mexico-cree-facil-estar-en-europa-memo-ochoa\/\">VER M\u00c1S: La gente en M\u00e9xico cree que es f\u00e1cil estar en Europa: Memo Ochoa<\/a><\/span><\/p>\n<p>Con m\u00e1scaras de luchadores con los que cubr\u00edan su cara, aparecieron <strong>Jorge Campos, Ra\u00fal Jim\u00e9nez y Diego Reyes<\/strong> para mostrar sus mejores jugadas en la cancha. El defensa del Porto sorprendi\u00f3 a todos con la gran facilidad que tiene para driblar.<\/p>\n<p>Por su parte, <strong>Jorge Campos<\/strong> fue fiel a su estilo y jug\u00f3 en sus dos posiciones favoritas, iniciando como portero y despu\u00e9s pasando a la delantera junto a <strong>Ra\u00fal Jim\u00e9nez,<\/strong> quien se destac\u00f3 con un golazo.<\/p>\n<p>Tras una recuperaci\u00f3n de <strong>Campos<\/strong>, el ahora comentarista de TV Azteca habilit\u00f3 a Jim\u00e9nez y el delantero del Benfica dispar\u00f3 de rabona para vencer al portero rival.<\/p>\n<p style=\"text-align: center;\"><span style=\"color: #3366ff;\"><a style=\"color: #3366ff;\" href=\"https:\/\/www.futboltotal.com.mx\/2017\/07\/la-seleccion-caracter-tenia-la-del-94-luis-hernandez\/\">VER M\u00c1S: La selecci\u00f3n no tiene el car\u00e1cter que ten\u00eda la del 94: Luis Hern\u00e1ndez<\/a><\/span><\/p>\n<blockquote class=\"twitter-video\" data-lang=\"es\">\n<p dir=\"ltr\" lang=\"es\">Oye <a href=\"https:\/\/twitter.com\/NicolasRomay\">@NicolasRomay<\/a> para que veas que <a href=\"https:\/\/twitter.com\/Raul_Jimenez9\">@Raul_Jimenez9<\/a> s\u00ed andaba de lucido y hasta golazo&#x1f602; Un saludo! <a href=\"https:\/\/t.co\/sTnS8Q9DT5\">pic.twitter.com\/sTnS8Q9DT5<\/a><\/p>\n<p>\u2014 Jaime Luna C. (@jimmychrist2) <a href=\"https:\/\/twitter.com\/jimmychrist2\/status\/886337814325080064\">15 de julio de 2017<\/a><\/p><\/blockquote>\n<p><script async src=\"\/\/platform.twitter.com\/widgets.js\" charset=\"utf-8\"><\/script><\/p>\n<p><strong>Campos, Jim\u00e9nez y Reyes<\/strong>, al igual que los j\u00f3venes convocados por <strong>Nike<\/strong>, utilizaron los nuevos mercurial.<\/p>\n<div class=\"fb-video\" data-href=\"https:\/\/www.facebook.com\/futboltotalmexico\/videos\/10154823957598226\/\" data-data-show-text=\"false\">\n<blockquote class=\"fb-xfbml-parse-ignore\" cite=\"https:\/\/www.facebook.com\/futboltotalmexico\/videos\/10154823957598226\/\"><p>&nbsp;<\/p>\n<p>Comienzan las retas de Nike \u00a1P\u00f3ntelo, r\u00edfatelo!<\/p>\n<p>Publicado por <a href=\"https:\/\/www.facebook.com\/futboltotalmexico\/\">Futbol Total<\/a> en s\u00e1bado, 15 de julio de 2017<\/p><\/blockquote>\n<\/div>\n","protected":false},"excerpt":{"rendered":"<p>Campos, Jim\u00e9nez y Reyes echaron la reta con j\u00f3venes del barrio.<\/p>\n","protected":false},"author":129,"featured_media":488601,"comment_status":"closed","ping_status":"closed","sticky":false,"template":"","format":"standard","meta":[],"categories":[5419,2198],"tags":[6006,2053,377,742],"_links":{"self":[{"href":"http:\/\/desarrollo.grupomedios.com\/futbol\/wp-json\/wp\/v2\/posts\/488592"}],"collection":[{"href":"http:\/\/desarrollo.grupomedios.com\/futbol\/wp-json\/wp\/v2\/posts"}],"about":[{"href":"http:\/\/desarrollo.grupomedios.com\/futbol\/wp-json\/wp\/v2\/types\/post"}],"author":[{"embeddable":true,"href":"http:\/\/desarrollo.grupomedios.com\/futbol\/wp-json\/wp\/v2\/users\/129"}],"replies":[{"embeddable":true,"href":"http:\/\/desarrollo.grupomedios.com\/futbol\/wp-json\/wp\/v2\/comments?post=488592"}],"version-history":[{"count":1,"href":"http:\/\/desarrollo.grupomedios.com\/futbol\/wp-json\/wp\/v2\/posts\/488592\/revisions"}],"predecessor-version":[{"id":488602,"href":"http:\/\/desarrollo.grupomedios.com\/futbol\/wp-json\/wp\/v2\/posts\/488592\/revisions\/488602"}],"wp:featuredmedia":[{"embeddable":true,"href":"http:\/\/desarrollo.grupomedios.com\/futbol\/wp-json\/wp\/v2\/media\/488601"}],"wp:attachment":[{"href":"http:\/\/desarrollo.grupomedios.com\/futbol\/wp-json\/wp\/v2\/media?parent=488592"}],"wp:term":[{"taxonomy":"category","embeddable":true,"href":"http:\/\/desarrollo.grupomedios.com\/futbol\/wp-json\/wp\/v2\/categories?post=488592"},{"taxonomy":"post_tag","embeddable":true,"href":"http:\/\/desarrollo.grupomedios.com\/futbol\/wp-json\/wp\/v2\/tags?post=488592"}],"curies":[{"name":"wp","href":"https:\/\/api.w.org\/{rel}","templated":true}]}}