{"id":488670,"date":"2017-07-16T14:59:21","date_gmt":"2017-07-16T19:59:21","guid":{"rendered":"https:\/\/www.futboltotal.com.mx\/?p=488670"},"modified":"2017-07-16T14:59:21","modified_gmt":"2017-07-16T19:59:21","slug":"nahuel-guzman-trolleo-a-sus-companeros-sus-propios-premios","status":"publish","type":"post","link":"http:\/\/desarrollo.grupomedios.com\/futbol\/futbol-mexicano\/nahuel-guzman-trolleo-a-sus-companeros-sus-propios-premios\/2017\/07","title":{"rendered":"Nahuel Guzm\u00e1n trolleo a sus compa\u00f1eros con sus propios premios"},"content":{"rendered":"<p>Tras la entrega del Bal\u00f3n de Oro de la Liga MX en Los \u00c1ngeles, California, el portero de <strong>Tigres,<\/strong> <strong>Nahuel Guzm\u00e1n<\/strong>, se &#8220;burl\u00f3&#8221; del evento y cre\u00f3 sus premios para galardonar a sus compa\u00f1eros en el equipo.<\/p>\n<p>El primero de ellos fue para Javier Aquino en la categor\u00eda \u201cMejor Pants\u201d; el segundo para Dami\u00e1n \u00c1lvarez como el \u201cNovato del A\u00f1o\u201d y por \u00faltimo a Jorge Torres Nilo por el \u201cMejor Calzado\u201d.<\/p>\n<p style=\"text-align: center;\"><span style=\"color: #3366ff;\"><a style=\"color: #3366ff;\" href=\"https:\/\/www.futboltotal.com.mx\/2017\/07\/estados-unidos-se-reforzara-titulares-en-copa-oro\/\">VER M\u00c1S: Estados Unidos se reforzar\u00e1 con titulares en Copa Oro<\/a><\/span><\/p>\n<p><strong>Nahuel Guzm\u00e1n<\/strong> estaba nominado al Mejor Portero con Rodolfo Cota de Chivas y quien al final se llev\u00f3 el Bal\u00f3n de Oro, al igual que N\u00e9stor Araujo como Mejor Defensa, categor\u00eda en la que peleaba Hugo Ayala.<\/p>\n<p style=\"text-align: center;\"><span style=\"color: #3366ff;\"><a style=\"color: #3366ff;\" href=\"https:\/\/www.futboltotal.com.mx\/2017\/07\/miguel-layun-se-unio-al-porto-presumio-foto-casillas\/\">VER M\u00c1S: Miguel Lay\u00fan se uni\u00f3 al Porto y presumi\u00f3 su foto con Casillas<\/a><\/span><\/p>\n<p>https:\/\/twitter.com\/PatonGuzman\/status\/886433179241926656<\/p>\n","protected":false},"excerpt":{"rendered":"<p>El portero premi\u00f3 a Dami\u00e1n, Aquino y Torres Nilo.<\/p>\n","protected":false},"author":20,"featured_media":430656,"comment_status":"closed","ping_status":"closed","sticky":false,"template":"","format":"standard","meta":[],"categories":[2198,3845],"tags":[64,6129,5973],"_links":{"self":[{"href":"http:\/\/desarrollo.grupomedios.com\/futbol\/wp-json\/wp\/v2\/posts\/488670"}],"collection":[{"href":"http:\/\/desarrollo.grupomedios.com\/futbol\/wp-json\/wp\/v2\/posts"}],"about":[{"href":"http:\/\/desarrollo.grupomedios.com\/futbol\/wp-json\/wp\/v2\/types\/post"}],"author":[{"embeddable":true,"href":"http:\/\/desarrollo.grupomedios.com\/futbol\/wp-json\/wp\/v2\/users\/20"}],"replies":[{"embeddable":true,"href":"http:\/\/desarrollo.grupomedios.com\/futbol\/wp-json\/wp\/v2\/comments?post=488670"}],"version-history":[{"count":1,"href":"http:\/\/desarrollo.grupomedios.com\/futbol\/wp-json\/wp\/v2\/posts\/488670\/revisions"}],"predecessor-version":[{"id":488671,"href":"http:\/\/desarrollo.grupomedios.com\/futbol\/wp-json\/wp\/v2\/posts\/488670\/revisions\/488671"}],"wp:featuredmedia":[{"embeddable":true,"href":"http:\/\/desarrollo.grupomedios.com\/futbol\/wp-json\/wp\/v2\/media\/430656"}],"wp:attachment":[{"href":"http:\/\/desarrollo.grupomedios.com\/futbol\/wp-json\/wp\/v2\/media?parent=488670"}],"wp:term":[{"taxonomy":"category","embeddable":true,"href":"http:\/\/desarrollo.grupomedios.com\/futbol\/wp-json\/wp\/v2\/categories?post=488670"},{"taxonomy":"post_tag","embeddable":true,"href":"http:\/\/desarrollo.grupomedios.com\/futbol\/wp-json\/wp\/v2\/tags?post=488670"}],"curies":[{"name":"wp","href":"https:\/\/api.w.org\/{rel}","templated":true}]}}