{"id":488679,"date":"2017-07-16T15:52:02","date_gmt":"2017-07-16T20:52:02","guid":{"rendered":"https:\/\/www.futboltotal.com.mx\/?p=488679"},"modified":"2017-07-16T15:52:02","modified_gmt":"2017-07-16T20:52:02","slug":"jamie-lannister-personaje-game-of-thrones-fanatico-boca-river","status":"publish","type":"post","link":"http:\/\/desarrollo.grupomedios.com\/futbol\/futbol-internacional\/jamie-lannister-personaje-game-of-thrones-fanatico-boca-river\/2017\/07","title":{"rendered":"Personaje de Game Of Thrones, fan\u00e1tico de Boca y River"},"content":{"rendered":"<p>El actor dan\u00e9s <strong>Nicolak Coster-Waldau<\/strong>, quien es conocido por protagonizar a <strong>Jamie Lannister<\/strong> en la serie <strong>Game of Thrones<\/strong>, hace unos meses visit\u00f3 los dos clubes m\u00e1s grandes de Argentina.<\/p>\n<p>Nicolak visit\u00f3 el pa\u00eds sudamericano durante el pasado mes de mayo y parece ser que es la \u00fanica persona en ser fan\u00e1tico de <strong>Boca Juniors<\/strong> y <strong>River Plate<\/strong>.<\/p>\n<p><strong>Jamie Lannister<\/strong> visit\u00f3 las instalaciones de ambos equipos y pos\u00f3 con la playera de <strong>Boca<\/strong> y <strong>River<\/strong>, presumiendo su afici\u00f3n.<\/p>\n<p style=\"text-align: center;\"><span style=\"color: #3366ff;\"><a style=\"color: #3366ff;\" href=\"https:\/\/www.futboltotal.com.mx\/2017\/07\/ochoa-debuto-con-standard-lieja-y-su-marco-se-fue-en-cero\/\">VER M\u00c1S: Ochoa debut\u00f3 con el Standard y su marco se fue en cero<\/a><\/span><\/p>\n<blockquote class=\"twitter-tweet\" data-width=\"500\">\n<p lang=\"es\" dir=\"ltr\">Jaime Lannister en <a href=\"https:\/\/twitter.com\/hashtag\/Boca?src=hash\">#Boca<\/a> | <a href=\"https:\/\/twitter.com\/nikolajcw\">@nikolajcw<\/a> visit\u00f3 el entrenamiento y <a href=\"https:\/\/twitter.com\/fernandogagome\">@fernandogagome<\/a> le entreg\u00f3 la pelota <a href=\"https:\/\/twitter.com\/hashtag\/ODS5?src=hash\">#ODS5<\/a> firmada por el plantel. <a href=\"https:\/\/twitter.com\/hashtag\/ggwcup?src=hash\">#ggwcup<\/a> <a href=\"https:\/\/t.co\/KjzcbgtFno\">pic.twitter.com\/KjzcbgtFno<\/a><\/p>\n<p>&mdash; Boca Jrs. Oficial (@BocaJrsOficial) <a href=\"https:\/\/twitter.com\/BocaJrsOficial\/status\/868144672509743104\">May 26, 2017<\/a><\/p><\/blockquote>\n<p><script async src=\"\/\/platform.twitter.com\/widgets.js\" charset=\"utf-8\"><\/script><\/p>\n<p>El dan\u00e9s fue primero al Monumental, donde fue recibido por el presidente del club, Rodolfo D\u2019Onofrio. Luego, lleg\u00f3 hasta Casa Amarilla para ver el entrenamiento del equipo de Guillermo Barros Schelotto y sacarse fotos con los futbolistas del plantel profesional.<\/p>\n<p>https:\/\/twitter.com\/CARPoficial\/status\/868116355949752322<\/p>\n","protected":false},"excerpt":{"rendered":"<p>El personaje pos\u00f3 con las camisetas de Boca y River.<\/p>\n","protected":false},"author":20,"featured_media":488683,"comment_status":"closed","ping_status":"closed","sticky":false,"template":"","format":"standard","meta":[],"categories":[5419,3839],"tags":[1683,5460,6214,7213,164],"_links":{"self":[{"href":"http:\/\/desarrollo.grupomedios.com\/futbol\/wp-json\/wp\/v2\/posts\/488679"}],"collection":[{"href":"http:\/\/desarrollo.grupomedios.com\/futbol\/wp-json\/wp\/v2\/posts"}],"about":[{"href":"http:\/\/desarrollo.grupomedios.com\/futbol\/wp-json\/wp\/v2\/types\/post"}],"author":[{"embeddable":true,"href":"http:\/\/desarrollo.grupomedios.com\/futbol\/wp-json\/wp\/v2\/users\/20"}],"replies":[{"embeddable":true,"href":"http:\/\/desarrollo.grupomedios.com\/futbol\/wp-json\/wp\/v2\/comments?post=488679"}],"version-history":[{"count":1,"href":"http:\/\/desarrollo.grupomedios.com\/futbol\/wp-json\/wp\/v2\/posts\/488679\/revisions"}],"predecessor-version":[{"id":488684,"href":"http:\/\/desarrollo.grupomedios.com\/futbol\/wp-json\/wp\/v2\/posts\/488679\/revisions\/488684"}],"wp:featuredmedia":[{"embeddable":true,"href":"http:\/\/desarrollo.grupomedios.com\/futbol\/wp-json\/wp\/v2\/media\/488683"}],"wp:attachment":[{"href":"http:\/\/desarrollo.grupomedios.com\/futbol\/wp-json\/wp\/v2\/media?parent=488679"}],"wp:term":[{"taxonomy":"category","embeddable":true,"href":"http:\/\/desarrollo.grupomedios.com\/futbol\/wp-json\/wp\/v2\/categories?post=488679"},{"taxonomy":"post_tag","embeddable":true,"href":"http:\/\/desarrollo.grupomedios.com\/futbol\/wp-json\/wp\/v2\/tags?post=488679"}],"curies":[{"name":"wp","href":"https:\/\/api.w.org\/{rel}","templated":true}]}}