{"id":488685,"date":"2017-07-16T16:10:39","date_gmt":"2017-07-16T21:10:39","guid":{"rendered":"https:\/\/www.futboltotal.com.mx\/?p=488685"},"modified":"2017-07-16T16:10:39","modified_gmt":"2017-07-16T21:10:39","slug":"keisuke-honda-ya-reporto-con-pachuca","status":"publish","type":"post","link":"http:\/\/desarrollo.grupomedios.com\/futbol\/futbol-mexicano\/keisuke-honda-ya-reporto-con-pachuca\/2017\/07","title":{"rendered":"Keisuke Honda ya report\u00f3 con Pachuca"},"content":{"rendered":"<p>El refuerzo \u2018Bomba\u2019 de los <em>Tuzos<\/em> del <strong><a href=\"https:\/\/www.futboltotal.com.mx\/2017\/07\/pachuca-presenta-a-bomba-keisuke-honda\/\" target=\"_blank\" rel=\"noopener noreferrer\"><span style=\"color: #333399;\">Pachuca<\/span><\/a>, <a href=\"https:\/\/www.futboltotal.com.mx\/2017\/07\/keisuke-honda-ya-una-experiencia-futbol-mexicano\/\" target=\"_blank\" rel=\"noopener noreferrer\"><span style=\"color: #333399;\">Keisuke Honda<\/span><\/a><\/strong>, arrib\u00f3 a la<strong> Ciudad de M\u00e9xico<\/strong> para reportar con el conjunto de la <strong>Bella Airosa<\/strong>, procedente de<strong> Los \u00c1ngeles.<\/strong><\/p>\n<p><strong>Honda<\/strong> lleg\u00f3 en medio de un fuerte dispositivo de seguridad, entre asistentes personales, guardaespaldas y dem\u00e1s elementos de seguridad.<\/p>\n<p style=\"text-align: center;\"><a href=\"https:\/\/www.futboltotal.com.mx\/2017\/07\/jamie-lannister-personaje-game-of-thrones-fanatico-boca-river\/\" target=\"_blank\" rel=\"noopener noreferrer\"><span style=\"color: #333399;\">VER M\u00c1S:\u00a0Personaje de Game Of Thrones, fan\u00e1tico de Boca y River<\/span><\/a><\/p>\n<p>&nbsp;<\/p>\n<blockquote class=\"twitter-tweet\" data-lang=\"es\">\n<p dir=\"ltr\" lang=\"es\">Ya lleg\u00f3&#8230; Bienvenido Keisuke Honda a tierras mexicanas! <a href=\"https:\/\/t.co\/rFFBz0LxR9\">pic.twitter.com\/rFFBz0LxR9<\/a><\/p>\n<p>\u2014 Club Pachuca (@Tuzos) <a href=\"https:\/\/twitter.com\/Tuzos\/status\/886361326125187072\">15 de julio de 2017<\/a><\/p><\/blockquote>\n<p><script async src=\"\/\/platform.twitter.com\/widgets.js\" charset=\"utf-8\"><\/script><\/p>\n<p>El exjugador del<a href=\"https:\/\/www.futboltotal.com.mx\/2017\/07\/oficial-lucas-biglia-refuerza-medio-campo-del-milan\/\" target=\"_blank\" rel=\"noopener noreferrer\"><span style=\"color: #333399;\"><strong> AC Milan<\/strong><\/span><\/a> no hizo ning\u00fan tipo de declaraci\u00f3n a su llegada, \u00fanicamente se limit\u00f3 a saludar con un peque\u00f1o \u2018Hola\u2019. El capit\u00e1n de la <strong>Selecci\u00f3n de Jap\u00f3n<\/strong> firm\u00f3 por un a\u00f1o con los hidalguenses, para disputar el <span style=\"color: #333399;\"><strong><a style=\"color: #333399;\" href=\"https:\/\/www.futboltotal.com.mx\/2017\/05\/pachuca-tendra-a-lainez-una-refuerzo-europeo-mundial-clubes\/\" target=\"_blank\" rel=\"noopener noreferrer\">Mundial de Clubes<\/a>.<\/strong><\/span><\/p>\n<p>La presentaci\u00f3n oficial se llevar\u00e1 a cabo el pr\u00f3ximo martes, una vez que el nip\u00f3n realice los ex\u00e1menes m\u00e9dicos y f\u00edsicos.<\/p>\n<p style=\"text-align: center;\"><a href=\"https:\/\/www.futboltotal.com.mx\/2017\/07\/tutto-mercato-web-compara-a-mexicanos-con-historicos-del-futbol\/\" target=\"_blank\" rel=\"noopener noreferrer\"><span style=\"color: #333399;\">VER M\u00c1S:\u00a0Portal italiano compara a jugadores mexicanos con hist\u00f3ricos del futbol<\/span><\/a><\/p>\n<blockquote class=\"twitter-video\" data-lang=\"es\">\n<p dir=\"ltr\" lang=\"es\">Acabo de firmar con CF Pachuca de M\u00e9xico. Un placer de corporal equipo. Espero que ver aficionados pronto. <a href=\"https:\/\/twitter.com\/Tuzos\">@Tuzos<\/a> <a href=\"https:\/\/t.co\/xu4SmHgw1c\">pic.twitter.com\/xu4SmHgw1c<\/a><\/p>\n<p>\u2014 KeisukeHonda(\u672c\u7530\u572d\u4f51) (@kskgroup2017) <a href=\"https:\/\/twitter.com\/kskgroup2017\/status\/885772801952669696\">14 de julio de 2017<\/a><\/p><\/blockquote>\n<p><script async src=\"\/\/platform.twitter.com\/widgets.js\" charset=\"utf-8\"><\/script><\/p>\n<p>&nbsp;<\/p>\n<blockquote class=\"twitter-tweet\" data-lang=\"es\">\n<p dir=\"ltr\" lang=\"es\">Keisuke Honda realiz\u00f3 su primer entrenamiento en las instalaciones de la Universidad del Futbol <a href=\"https:\/\/t.co\/H1es8THExj\">pic.twitter.com\/H1es8THExj<\/a><\/p>\n<p>\u2014 Club Pachuca (@Tuzos) <a href=\"https:\/\/twitter.com\/Tuzos\/status\/886620436624269313\">16 de julio de 2017<\/a><\/p><\/blockquote>\n<p><script async src=\"\/\/platform.twitter.com\/widgets.js\" charset=\"utf-8\"><\/script><\/p>\n","protected":false},"excerpt":{"rendered":"<p>Keisuke Honda lleg\u00f3 a M\u00e9xico custodiado hasta los dientes<\/p>\n","protected":false},"author":20,"featured_media":488686,"comment_status":"closed","ping_status":"closed","sticky":false,"template":"","format":"standard","meta":[],"categories":[2198,3845],"tags":[1630,6092,415,5968,73],"_links":{"self":[{"href":"http:\/\/desarrollo.grupomedios.com\/futbol\/wp-json\/wp\/v2\/posts\/488685"}],"collection":[{"href":"http:\/\/desarrollo.grupomedios.com\/futbol\/wp-json\/wp\/v2\/posts"}],"about":[{"href":"http:\/\/desarrollo.grupomedios.com\/futbol\/wp-json\/wp\/v2\/types\/post"}],"author":[{"embeddable":true,"href":"http:\/\/desarrollo.grupomedios.com\/futbol\/wp-json\/wp\/v2\/users\/20"}],"replies":[{"embeddable":true,"href":"http:\/\/desarrollo.grupomedios.com\/futbol\/wp-json\/wp\/v2\/comments?post=488685"}],"version-history":[{"count":1,"href":"http:\/\/desarrollo.grupomedios.com\/futbol\/wp-json\/wp\/v2\/posts\/488685\/revisions"}],"predecessor-version":[{"id":488687,"href":"http:\/\/desarrollo.grupomedios.com\/futbol\/wp-json\/wp\/v2\/posts\/488685\/revisions\/488687"}],"wp:featuredmedia":[{"embeddable":true,"href":"http:\/\/desarrollo.grupomedios.com\/futbol\/wp-json\/wp\/v2\/media\/488686"}],"wp:attachment":[{"href":"http:\/\/desarrollo.grupomedios.com\/futbol\/wp-json\/wp\/v2\/media?parent=488685"}],"wp:term":[{"taxonomy":"category","embeddable":true,"href":"http:\/\/desarrollo.grupomedios.com\/futbol\/wp-json\/wp\/v2\/categories?post=488685"},{"taxonomy":"post_tag","embeddable":true,"href":"http:\/\/desarrollo.grupomedios.com\/futbol\/wp-json\/wp\/v2\/tags?post=488685"}],"curies":[{"name":"wp","href":"https:\/\/api.w.org\/{rel}","templated":true}]}}