{"id":488777,"date":"2017-07-17T08:38:12","date_gmt":"2017-07-17T13:38:12","guid":{"rendered":"https:\/\/www.futboltotal.com.mx\/?p=488777"},"modified":"2017-07-17T08:38:12","modified_gmt":"2017-07-17T13:38:12","slug":"javier-aquino-suena-fichar-lille-marcelo-bielsa","status":"publish","type":"post","link":"http:\/\/desarrollo.grupomedios.com\/futbol\/destacado-home\/javier-aquino-suena-fichar-lille-marcelo-bielsa\/2017\/07","title":{"rendered":"Javier Aquino suena para fichar por el Lille de Marcelo Bielsa"},"content":{"rendered":"<p>A\u00fan no se cierran las puertas para que el mexicano <strong>Javier Aquino<\/strong> dejara la Liga MX en busca de una nueva oportunidad en el futbol de Europa, ya que aparentemente el <strong>Lille<\/strong> franc\u00e9s, dirigido por el argentino <strong>Marcelo Bielsa,<\/strong> ya ha preguntado a <strong>Tigres<\/strong> el costo de su jugador.<\/p>\n<p>Seg\u00fan reporta el diario R\u00e9cord, el entorno del <strong><em>Loco<\/em> Bielsa<\/strong> tiene en la mira a <strong>Aquino<\/strong> desde la <strong>Copa Confederaciones<\/strong> principalmente por su polivalencia, ya que es un futbolista que puede desempe\u00f1arse como extremo por derecha, e incluso por izquierda, o como un volante interior, adem\u00e1s de la profundidad que brinda a la ofensiva.<\/p>\n<p style=\"text-align: center;\"><a href=\"https:\/\/www.futboltotal.com.mx\/2017\/07\/tigres-se-impone-a-chivas-y-se-corona-bicampeon-del-campeon-de-campeones\/\" target=\"_blank\" rel=\"noopener noreferrer\"><span style=\"color: #333399;\">VER M\u00c1S: Tigres venci\u00f3 a Chivas y es bicampe\u00f3n del Campe\u00f3n de Campeones<\/span><\/a><\/p>\n<p>Esta posibilidad para el mexicano por parte del <strong>Lille<\/strong> surge inicialmente por la limpia que <strong>Bielsa<\/strong> ha realizado al interior del plantel en esta su primera temporada al frente del equipo galo, y ya habr\u00edan preguntado a <strong>Tigres<\/strong> el valor de compra de <strong>Aquino<\/strong>.<\/p>\n<p>El cuadro de la UANL habr\u00eda dado respuesta a los franceses, quienes deber\u00e1n pagar <strong>15 millones de d\u00f3lares<\/strong> si quieren contar con <strong>Aquino<\/strong>, para quien, en caso de concretarse, ser\u00eda su segunda aventura por Europa, ya que entre 2013 y 2015 jug\u00f3 para el <strong>Villarreal<\/strong> y <strong>Rayo<\/strong> <strong>Vallecano<\/strong>.<\/p>\n<p style=\"text-align: center;\"><a href=\"https:\/\/www.futboltotal.com.mx\/2017\/07\/memes-la-caida-de-chivas-ante-tigres-campeon-de-campeones\/\" target=\"_blank\" rel=\"noopener noreferrer\"><span style=\"color: #333399;\">VER M\u00c1S: Los mejores memes de la ca\u00edda de Chivas ante Tigres<\/span><\/a><\/p>\n","protected":false},"excerpt":{"rendered":"<p>El mexicano podr\u00eda vivir una segunda aventura en el futbol europeo.<\/p>\n","protected":false},"author":20,"featured_media":481509,"comment_status":"closed","ping_status":"closed","sticky":false,"template":"","format":"standard","meta":[],"categories":[5,7740,3839,2198,7521,3845,6718],"tags":[6025,582,1173,5973],"_links":{"self":[{"href":"http:\/\/desarrollo.grupomedios.com\/futbol\/wp-json\/wp\/v2\/posts\/488777"}],"collection":[{"href":"http:\/\/desarrollo.grupomedios.com\/futbol\/wp-json\/wp\/v2\/posts"}],"about":[{"href":"http:\/\/desarrollo.grupomedios.com\/futbol\/wp-json\/wp\/v2\/types\/post"}],"author":[{"embeddable":true,"href":"http:\/\/desarrollo.grupomedios.com\/futbol\/wp-json\/wp\/v2\/users\/20"}],"replies":[{"embeddable":true,"href":"http:\/\/desarrollo.grupomedios.com\/futbol\/wp-json\/wp\/v2\/comments?post=488777"}],"version-history":[{"count":1,"href":"http:\/\/desarrollo.grupomedios.com\/futbol\/wp-json\/wp\/v2\/posts\/488777\/revisions"}],"predecessor-version":[{"id":488779,"href":"http:\/\/desarrollo.grupomedios.com\/futbol\/wp-json\/wp\/v2\/posts\/488777\/revisions\/488779"}],"wp:featuredmedia":[{"embeddable":true,"href":"http:\/\/desarrollo.grupomedios.com\/futbol\/wp-json\/wp\/v2\/media\/481509"}],"wp:attachment":[{"href":"http:\/\/desarrollo.grupomedios.com\/futbol\/wp-json\/wp\/v2\/media?parent=488777"}],"wp:term":[{"taxonomy":"category","embeddable":true,"href":"http:\/\/desarrollo.grupomedios.com\/futbol\/wp-json\/wp\/v2\/categories?post=488777"},{"taxonomy":"post_tag","embeddable":true,"href":"http:\/\/desarrollo.grupomedios.com\/futbol\/wp-json\/wp\/v2\/tags?post=488777"}],"curies":[{"name":"wp","href":"https:\/\/api.w.org\/{rel}","templated":true}]}}