{"id":488807,"date":"2017-07-17T10:25:38","date_gmt":"2017-07-17T15:25:38","guid":{"rendered":"https:\/\/www.futboltotal.com.mx\/?p=488807"},"modified":"2017-07-17T10:25:38","modified_gmt":"2017-07-17T15:25:38","slug":"tecatito-corona-confeso-pasado-americanista","status":"publish","type":"post","link":"http:\/\/desarrollo.grupomedios.com\/futbol\/futbol-mexicano\/tecatito-corona-confeso-pasado-americanista\/2017\/07","title":{"rendered":"Tecatito Corona confes\u00f3 su pasado americanista"},"content":{"rendered":"<p><strong>Jes\u00fas Manuel Corona<\/strong> est\u00e1 en M\u00e9xico para el partido que disputar\u00e1 su club, el<strong> Porto<\/strong>, ante <strong>Cruz Azul<\/strong> en la cancha del equipo Cementero.<\/p>\n<p>El <strong>Tecatito<\/strong> revel\u00f3 qui\u00e9n era su \u00eddolo y no le importo confesar que era Cuauht\u00e9moc Blanco, pues reconoci\u00f3 que desde ni\u00f1o era aficionado del Am\u00e9rica.<\/p>\n<p style=\"text-align: center;\"><span style=\"color: #3366ff;\"><a style=\"color: #3366ff;\" href=\"https:\/\/www.futboltotal.com.mx\/2017\/07\/javier-aquino-suena-fichar-lille-marcelo-bielsa\/\">VER M\u00c1S: Javier Aquino suena para fichar por el Lille de Marcelo Bielsa<\/a><\/span><\/p>\n<p>&#8220;Mi \u00eddolo siempre ha sido Cuauht\u00e9moc Blanco, porque de chiquito le iba al Am\u00e9rica y entonces siempre lo ve\u00eda\u2026 Siempre lo he visto como mi \u00eddolo\u201d, coment\u00f3 <strong>Tecatito Corona<\/strong> en entrevista con AS.<\/p>\n<p>Adem\u00e1s de hablar sobre sus equipos y jugadores favoritos, <strong>Tecatito Corona<\/strong> tambi\u00e9n confes\u00f3 cu\u00e1l es su lugar favorito y algunos de sus hobbies.<\/p>\n<p>&#8220;Mi lugar favorito siempre ha sido Hermosillo, mi lugar de origen, y Monterrey, de donde es mi familia. Y mi hobbie es jugar beisbol, aunque no lo juego mucho. La otra es pasar tiempo con mi familia\u201d.<\/p>\n<p style=\"text-align: center;\"><span style=\"color: #3366ff;\"><a style=\"color: #3366ff;\" href=\"https:\/\/www.futboltotal.com.mx\/2017\/07\/terrible-oso-gignac-al-fallar-sin-portero\/\">VER M\u00c1S: El terrible oso de Gignac al fallar sin portero<\/a><\/span><\/p>\n","protected":false},"excerpt":{"rendered":"<p>El delantero mexicano tambi\u00e9n revel\u00f3 qui\u00e9n es su \u00eddolo.<\/p>\n","protected":false},"author":20,"featured_media":451636,"comment_status":"closed","ping_status":"closed","sticky":false,"template":"","format":"standard","meta":[],"categories":[3839,2198],"tags":[5959,1208,6045],"_links":{"self":[{"href":"http:\/\/desarrollo.grupomedios.com\/futbol\/wp-json\/wp\/v2\/posts\/488807"}],"collection":[{"href":"http:\/\/desarrollo.grupomedios.com\/futbol\/wp-json\/wp\/v2\/posts"}],"about":[{"href":"http:\/\/desarrollo.grupomedios.com\/futbol\/wp-json\/wp\/v2\/types\/post"}],"author":[{"embeddable":true,"href":"http:\/\/desarrollo.grupomedios.com\/futbol\/wp-json\/wp\/v2\/users\/20"}],"replies":[{"embeddable":true,"href":"http:\/\/desarrollo.grupomedios.com\/futbol\/wp-json\/wp\/v2\/comments?post=488807"}],"version-history":[{"count":1,"href":"http:\/\/desarrollo.grupomedios.com\/futbol\/wp-json\/wp\/v2\/posts\/488807\/revisions"}],"predecessor-version":[{"id":488813,"href":"http:\/\/desarrollo.grupomedios.com\/futbol\/wp-json\/wp\/v2\/posts\/488807\/revisions\/488813"}],"wp:featuredmedia":[{"embeddable":true,"href":"http:\/\/desarrollo.grupomedios.com\/futbol\/wp-json\/wp\/v2\/media\/451636"}],"wp:attachment":[{"href":"http:\/\/desarrollo.grupomedios.com\/futbol\/wp-json\/wp\/v2\/media?parent=488807"}],"wp:term":[{"taxonomy":"category","embeddable":true,"href":"http:\/\/desarrollo.grupomedios.com\/futbol\/wp-json\/wp\/v2\/categories?post=488807"},{"taxonomy":"post_tag","embeddable":true,"href":"http:\/\/desarrollo.grupomedios.com\/futbol\/wp-json\/wp\/v2\/tags?post=488807"}],"curies":[{"name":"wp","href":"https:\/\/api.w.org\/{rel}","templated":true}]}}