{"id":488819,"date":"2017-07-17T10:57:21","date_gmt":"2017-07-17T15:57:21","guid":{"rendered":"https:\/\/www.futboltotal.com.mx\/?p=488819"},"modified":"2017-07-17T10:57:21","modified_gmt":"2017-07-17T15:57:21","slug":"celta-nego-haber-recibido-oferta-tigres-marcelo-diaz","status":"publish","type":"post","link":"http:\/\/desarrollo.grupomedios.com\/futbol\/futbol-mexicano\/celta-nego-haber-recibido-oferta-tigres-marcelo-diaz\/2017\/07","title":{"rendered":"Celta neg\u00f3 haber recibido oferta de Tigres por Marcelo D\u00edaz"},"content":{"rendered":"<p class=\"DETALLE_N_titulo \"><span id=\"ctl14_lblMostra\">El director deportivo del Celta, Felipe Mi\u00f1ambres, neg\u00f3 que el club haya recibido ofertas por el internacional chileno <strong>Marcelo D\u00edaz<\/strong>, a pesar de las informaciones que le vinculan a\u00a0<strong>Tigres<\/strong> <strong>de la UANL<\/strong>, adem\u00e1s de <strong>Betis<\/strong>.<\/p>\n<p>&#8220;He hablado con Serra Ferrer -vicepresidente deportivo del Betis- y no me ha comentado nada del inter\u00e9s del Betis. Marcelo ahora est\u00e1 de vacaciones, por \u00e9l hay rumores pero a nosotros no nos han llegado esas ofertas. Estamos en contacto con \u00e9l y con su agente para encontrar lo mejor para las dos partes&#8221;, explic\u00f3 Mi\u00f1ambres.<\/span><\/p>\n<p class=\"DETALLE_N_titulo \"><span id=\"ctl14_lblMostra\">En el caso de los <strong>Tigres<\/strong>, la directiva del cuadro felino ya ha aceptado que est\u00e1n sondeando el fichaje del volante chileno, ya que ser\u00eda una buena alternativa para cubrir la partida de <strong>Guido Pizarro<\/strong>, quien <a href=\"https:\/\/www.futboltotal.com.mx\/2017\/07\/guido-pizarro-cumplio-sueno-fue-presentado-sevilla\/\" target=\"_blank\" rel=\"noopener noreferrer\"><span style=\"color: #333399;\">parti\u00f3 al <strong>Sevilla<\/strong><\/span><\/a>.<\/span><\/p>\n<p class=\"DETALLE_N_titulo \" style=\"text-align: center;\"><span id=\"ctl14_lblMostra\"><a href=\"https:\/\/www.futboltotal.com.mx\/2017\/07\/west-ham-pagaria-la-clausula-rescision-chicharito\/\" target=\"_blank\" rel=\"noopener noreferrer\"><span style=\"color: #333399;\">VER M\u00c1S: West Ham, dispuesto a pagar cl\u00e1usula de rescisi\u00f3n de Chicharito<\/span><\/a><\/span><\/p>\n<p class=\"DETALLE_N_titulo \"><span id=\"ctl14_lblMostra\">El club gallego busca una salida al mediocentro, por el que en enero de 2016 pag\u00f3 algo m\u00e1s de un mill\u00f3n de euros al Hamburgo alem\u00e1n para cubrir la baja del argentino Augusto Fern\u00e1ndez, traspasado al Atl\u00e9tico de Madrid.<\/p>\n<p>Pese al buen rendimiento que ofreci\u00f3 con su selecci\u00f3n en la <strong>Copa<\/strong> <strong>Confederaciones<\/strong>, <strong>Marcelo<\/strong> <strong>D\u00edaz<\/strong> no entra en los planes de Juan Carlos Unzu\u00e9, que considera bien cubierta esa demarcaci\u00f3n con el serbio Nemanja Radoja y el reci\u00e9n fichado Stanislav Lobotka.<\/p>\n<p>&#8220;Marcelo lo que quiere es jugar, sentirse importante y nosotros lo que tambi\u00e9n queremos es que \u00e9l pueda estar en un sitio en el que pueda tener minutos. Estamos trabajando en esa salida pero no hay nada concretado&#8221;, indic\u00f3 Mi\u00f1ambres.<\/span><\/p>\n<p class=\"DETALLE_N_titulo \" style=\"text-align: center;\"><span id=\"ctl14_lblMostra\"><a href=\"https:\/\/www.futboltotal.com.mx\/2017\/07\/javier-aquino-suena-fichar-lille-marcelo-bielsa\/\" target=\"_blank\" rel=\"noopener noreferrer\"><span style=\"color: #333399;\">VER M\u00c1S: Javier Aquino suena para fichar con el Lille de Marcelo Bielsa<\/span><\/a><\/span><\/p>\n<p class=\"DETALLE_N_titulo \"><span id=\"ctl14_lblMostra\">El director deportivo, adem\u00e1s, reconoci\u00f3 el inter\u00e9s del Celta por el extremo sueco del Heerenveen Sam Larsson, aunque al mismo tiempo aclar\u00f3 que &#8220;no es la \u00fanica opci\u00f3n&#8221; que manejan para reforzar ese puesto.<\/p>\n<p>&#8220;Estamos buscando un jugador de banda. Larsson es un gran futbolista, ha demostrado su categor\u00eda tanto durante esta temporada como en las anteriores con el Heerenveen. Pero de momento tiene contrato con su actual club&#8221;, coment\u00f3.<\/span><\/p>\n<p class=\"DETALLE_N_titulo \" style=\"text-align: center;\"><a href=\"https:\/\/www.futboltotal.com.mx\/2017\/07\/miguel-gurwitz-jorge-pietrasanta-protagonizan-duelo-albures\/\" target=\"_blank\" rel=\"noopener noreferrer\"><span style=\"color: #333399;\">VER M\u00c1S: Miguel Gurwitz y Jorge Pietrasanta protagonizan duelo de albures<\/span><\/a><\/p>\n<div id=\"texto\" class=\"texto_txt\"><\/div>\n","protected":false},"excerpt":{"rendered":"<p>El volante chileno ser\u00eda el reemplazo de Guido Pizarro en el cuadro norte\u00f1o.<\/p>\n","protected":false},"author":144,"featured_media":488820,"comment_status":"closed","ping_status":"closed","sticky":false,"template":"","format":"standard","meta":[],"categories":[7740,3839,2198,3844,3845],"tags":[1804,2407,9271,5973],"_links":{"self":[{"href":"http:\/\/desarrollo.grupomedios.com\/futbol\/wp-json\/wp\/v2\/posts\/488819"}],"collection":[{"href":"http:\/\/desarrollo.grupomedios.com\/futbol\/wp-json\/wp\/v2\/posts"}],"about":[{"href":"http:\/\/desarrollo.grupomedios.com\/futbol\/wp-json\/wp\/v2\/types\/post"}],"author":[{"embeddable":true,"href":"http:\/\/desarrollo.grupomedios.com\/futbol\/wp-json\/wp\/v2\/users\/144"}],"replies":[{"embeddable":true,"href":"http:\/\/desarrollo.grupomedios.com\/futbol\/wp-json\/wp\/v2\/comments?post=488819"}],"version-history":[{"count":1,"href":"http:\/\/desarrollo.grupomedios.com\/futbol\/wp-json\/wp\/v2\/posts\/488819\/revisions"}],"predecessor-version":[{"id":488821,"href":"http:\/\/desarrollo.grupomedios.com\/futbol\/wp-json\/wp\/v2\/posts\/488819\/revisions\/488821"}],"wp:featuredmedia":[{"embeddable":true,"href":"http:\/\/desarrollo.grupomedios.com\/futbol\/wp-json\/wp\/v2\/media\/488820"}],"wp:attachment":[{"href":"http:\/\/desarrollo.grupomedios.com\/futbol\/wp-json\/wp\/v2\/media?parent=488819"}],"wp:term":[{"taxonomy":"category","embeddable":true,"href":"http:\/\/desarrollo.grupomedios.com\/futbol\/wp-json\/wp\/v2\/categories?post=488819"},{"taxonomy":"post_tag","embeddable":true,"href":"http:\/\/desarrollo.grupomedios.com\/futbol\/wp-json\/wp\/v2\/tags?post=488819"}],"curies":[{"name":"wp","href":"https:\/\/api.w.org\/{rel}","templated":true}]}}