{"id":488833,"date":"2017-07-17T13:30:07","date_gmt":"2017-07-17T18:30:07","guid":{"rendered":"https:\/\/www.futboltotal.com.mx\/?p=488833"},"modified":"2017-07-17T13:42:25","modified_gmt":"2017-07-17T18:42:25","slug":"edwin-cardona-se-entrena-via-skype-para-fichar-con-boca-juniors","status":"publish","type":"post","link":"http:\/\/desarrollo.grupomedios.com\/futbol\/futbol-mexicano\/edwin-cardona-se-entrena-via-skype-para-fichar-con-boca-juniors\/2017\/07","title":{"rendered":"Ewdin Cardona se entrena v\u00eda Skype para fichar con Boca"},"content":{"rendered":"<p>El futuro de <a href=\"https:\/\/www.futboltotal.com.mx\/2017\/07\/edwin-cardona-se-despide-rayados\/\" target=\"_blank\" rel=\"noopener noreferrer\"><span style=\"color: #333399;\"><strong>Edwin Cardona<\/strong><\/span><\/a> es incierto luego de que el jugador colombiano no entrara en planes de <em>Rayados<\/em> de <a href=\"https:\/\/www.futboltotal.com.mx\/2017\/07\/monterrey-presento-su-nuevo-uniforme\/\" target=\"_blank\" rel=\"noopener noreferrer\"><span style=\"color: #333399;\"><strong>Monterrey<\/strong><\/span><\/a> para el <strong>Apertura 2017<\/strong>, raz\u00f3n por la que tuvo que contratar un entrenador personal para mantenerse en forma.<\/p>\n<p>El ex <a href=\"https:\/\/www.futboltotal.com.mx\/2017\/07\/presidente-atletico-nacional-quiere-soltar-a-refuerzo-america\/\" target=\"_blank\" rel=\"noopener noreferrer\"><span style=\"color: #333399;\"><strong>Atl\u00e9tico Nacional<\/strong> <\/span><\/a>contrat\u00f3 a un preparador f\u00edsico que conoci\u00f3 por su paso por el conjunto &#8216;Verdolaga&#8217;, quien se encarga de prepararlo v\u00eda <strong>Skype<\/strong>, as\u00ed lo revel\u00f3\u00a0Fox Sports.<\/p>\n<p style=\"text-align: center;\"><a href=\"https:\/\/www.futboltotal.com.mx\/2017\/07\/inter-levanta-la-mano-por-arturo-vidal\/\" target=\"_blank\" rel=\"noopener noreferrer\"><span style=\"color: #333399;\">VER M\u00c1S:\u00a0Inter levanta la mano por Arturo Vidal<\/span><\/a><\/p>\n<p>En d\u00edas pasados <strong>Cardona<\/strong> extern\u00f3 su deseo de poder jugar con <a href=\"https:\/\/www.futboltotal.com.mx\/2017\/07\/boca-juniors-ya-habria-ofertado-edwin-cardona\/\" target=\"_blank\" rel=\"noopener noreferrer\"><span style=\"color: #333399;\"><strong>Boca Juniors<\/strong><\/span><\/a>, situaci\u00f3n que hizo eco en el seno <em>Xeneize<\/em>, por lo que <strong>Daniel Angelici<\/strong>, presidente del cuadro <em>Boquense<\/em> dej\u00f3 abierta la posibilidad de fichar al futbolista cafetalero y habr\u00eda entablado negociaciones con la escuadra de <em>La Pandilla.<\/em><\/p>\n<p>Sin embargo, pese al posible inter\u00e9s de <strong>Boca<\/strong> por el futbolista colombiano, <strong>Guillermo Barros Schelotto<\/strong> habr\u00eda puesto como \u00fanica condici\u00f3n que <strong>Cardona<\/strong> se encuentre en perfecto estado f\u00edsico.<\/p>\n<p style=\"text-align: center;\"><a href=\"https:\/\/www.futboltotal.com.mx\/2017\/07\/gignac-gran-gesto-aficionados-chivas\/\" target=\"_blank\" rel=\"noopener noreferrer\"><span style=\"color: #333399;\">VER M\u00c1S:\u00a0Gignac tuvo gran gesto con aficionados de Chivas<\/span><\/a><\/p>\n","protected":false},"excerpt":{"rendered":"<p>Cardona hace todo lo posible para mantenerse en forma<\/p>\n","protected":false},"author":20,"featured_media":484322,"comment_status":"closed","ping_status":"closed","sticky":false,"template":"","format":"standard","meta":[],"categories":[5419,3839,2198,3845],"tags":[2075,1683,9332,6133,9182,5966],"_links":{"self":[{"href":"http:\/\/desarrollo.grupomedios.com\/futbol\/wp-json\/wp\/v2\/posts\/488833"}],"collection":[{"href":"http:\/\/desarrollo.grupomedios.com\/futbol\/wp-json\/wp\/v2\/posts"}],"about":[{"href":"http:\/\/desarrollo.grupomedios.com\/futbol\/wp-json\/wp\/v2\/types\/post"}],"author":[{"embeddable":true,"href":"http:\/\/desarrollo.grupomedios.com\/futbol\/wp-json\/wp\/v2\/users\/20"}],"replies":[{"embeddable":true,"href":"http:\/\/desarrollo.grupomedios.com\/futbol\/wp-json\/wp\/v2\/comments?post=488833"}],"version-history":[{"count":2,"href":"http:\/\/desarrollo.grupomedios.com\/futbol\/wp-json\/wp\/v2\/posts\/488833\/revisions"}],"predecessor-version":[{"id":488837,"href":"http:\/\/desarrollo.grupomedios.com\/futbol\/wp-json\/wp\/v2\/posts\/488833\/revisions\/488837"}],"wp:featuredmedia":[{"embeddable":true,"href":"http:\/\/desarrollo.grupomedios.com\/futbol\/wp-json\/wp\/v2\/media\/484322"}],"wp:attachment":[{"href":"http:\/\/desarrollo.grupomedios.com\/futbol\/wp-json\/wp\/v2\/media?parent=488833"}],"wp:term":[{"taxonomy":"category","embeddable":true,"href":"http:\/\/desarrollo.grupomedios.com\/futbol\/wp-json\/wp\/v2\/categories?post=488833"},{"taxonomy":"post_tag","embeddable":true,"href":"http:\/\/desarrollo.grupomedios.com\/futbol\/wp-json\/wp\/v2\/tags?post=488833"}],"curies":[{"name":"wp","href":"https:\/\/api.w.org\/{rel}","templated":true}]}}