{"id":488840,"date":"2017-07-17T14:21:44","date_gmt":"2017-07-17T19:21:44","guid":{"rendered":"https:\/\/www.futboltotal.com.mx\/?p=488840"},"modified":"2017-07-17T14:21:44","modified_gmt":"2017-07-17T19:21:44","slug":"francesco-totti-seguira-en-la-roma-directivo","status":"publish","type":"post","link":"http:\/\/desarrollo.grupomedios.com\/futbol\/futbol-internacional\/francesco-totti-seguira-en-la-roma-directivo\/2017\/07","title":{"rendered":"Francesco Totti seguir\u00e1 en la Roma, pero como directivo"},"content":{"rendered":"<p>El excapit\u00e1n del Roma <strong>Francesco Totti<\/strong> anunci\u00f3 este lunes que, tras cerrar su carrera de futbolista el pasado mayo, empezar\u00e1 una nueva carrera de directivo del club capitalino, con el deseo de aportar toda la experiencia adquirida en el campo.<\/p>\n<p>&#8220;Termin\u00f3 la primera parte de mi vida de futbolista y ahora empezar\u00e1 otra m\u00e1s importante como directivo, con el deseo de que pueda hacer lo que hice en el campo durante muchos a\u00f1os&#8221;, asegur\u00f3 Totti en una entrevista exclusiva con la web del Roma.<\/p>\n<p style=\"text-align: center;\"><span style=\"color: #3366ff;\"><a style=\"color: #3366ff;\" href=\"https:\/\/www.futboltotal.com.mx\/2017\/07\/clubes-europeos-han-jugado-en-mexico\/\">VER M\u00c1S: Clubes europeos que han jugado en M\u00e9xico en los \u00faltimos a\u00f1os<\/a><\/span><\/p>\n<p>https:\/\/twitter.com\/ASRomaEspanol\/status\/887008113878065152<\/p>\n<p>El ya exjugador explic\u00f3 que a\u00fan no sabe en qu\u00e9 \u00e1mbito de la direcci\u00f3n del Roma se especializar\u00e1 y que de momento trabajar\u00e1 en varios \u00e1mbitos, desde &#8220;los equipos juveniles&#8221; hasta al lado del presidente estadounidense, James Pallotta.<\/p>\n<p>&#8220;Me tom\u00e9 un tiempo para pensar y eso me ayudar\u00e1 a entrar con serenidad en este club y entender en qu\u00e9 rol me encuentro mejor. Estar\u00e9 a disposici\u00f3n. Necesitar\u00e9 seis meses, un a\u00f1o o dos, no lo s\u00e9 (para entender su mejor cargo)&#8221;, asegur\u00f3.<\/p>\n<p style=\"text-align: center;\"><span style=\"color: #3366ff;\"><a style=\"color: #3366ff;\" href=\"https:\/\/www.futboltotal.com.mx\/2017\/07\/javier-aquino-suena-fichar-lille-marcelo-bielsa\/\">VER M\u00c1S: Javier Aquino suena para fichar por el Lille de Marcelo Bielsa<\/a><\/span><\/p>\n<p><strong>Totti<\/strong> inform\u00f3 de que tuvo una &#8220;conversaci\u00f3n positiva&#8221; con el director deportivo espa\u00f1ol Ram\u00f3n Rodr\u00edguez Verdejo Monchi y expres\u00f3 su deseo de poder &#8220;ser importante para el <strong>Roma<\/strong>&#8220;.<\/p>\n<p>El italiano coment\u00f3 adem\u00e1s el d\u00eda de su retirada del f\u00fatbol, el pasado 28 de mayo en un estadio Ol\u00edmpico completamente lleno, y admiti\u00f3 que fue algo que llevar\u00e1 siempre consigo.<\/p>\n<p>&#8220;Ese d\u00eda nunca pasar\u00e1 para m\u00ed. Era demasiado emocionante. Se cerraban 25 a\u00f1os de mi historia con el Roma. El f\u00fatbol me dio mucho y yo trat\u00e9 de hacer lo mismo&#8221;, dijo.<\/p>\n<p>El anuncio de <strong>Totti<\/strong> puso fin a varias semanas de especulaciones sobre su futuro, ya que a\u00fan no hab\u00eda aclarado si ten\u00eda planeado seguir jugado al f\u00fatbol en otro equipo o si al final terminar\u00eda aceptando un nuevo contrato de directivo del Roma. EFE<\/p>\n","protected":false},"excerpt":{"rendered":"<p>La Leyenda de la Roma seguir\u00e1 vinculado al club.<\/p>\n","protected":false},"author":144,"featured_media":481086,"comment_status":"closed","ping_status":"closed","sticky":false,"template":"","format":"standard","meta":[],"categories":[3839],"tags":[6214,320,3472],"_links":{"self":[{"href":"http:\/\/desarrollo.grupomedios.com\/futbol\/wp-json\/wp\/v2\/posts\/488840"}],"collection":[{"href":"http:\/\/desarrollo.grupomedios.com\/futbol\/wp-json\/wp\/v2\/posts"}],"about":[{"href":"http:\/\/desarrollo.grupomedios.com\/futbol\/wp-json\/wp\/v2\/types\/post"}],"author":[{"embeddable":true,"href":"http:\/\/desarrollo.grupomedios.com\/futbol\/wp-json\/wp\/v2\/users\/144"}],"replies":[{"embeddable":true,"href":"http:\/\/desarrollo.grupomedios.com\/futbol\/wp-json\/wp\/v2\/comments?post=488840"}],"version-history":[{"count":1,"href":"http:\/\/desarrollo.grupomedios.com\/futbol\/wp-json\/wp\/v2\/posts\/488840\/revisions"}],"predecessor-version":[{"id":488845,"href":"http:\/\/desarrollo.grupomedios.com\/futbol\/wp-json\/wp\/v2\/posts\/488840\/revisions\/488845"}],"wp:featuredmedia":[{"embeddable":true,"href":"http:\/\/desarrollo.grupomedios.com\/futbol\/wp-json\/wp\/v2\/media\/481086"}],"wp:attachment":[{"href":"http:\/\/desarrollo.grupomedios.com\/futbol\/wp-json\/wp\/v2\/media?parent=488840"}],"wp:term":[{"taxonomy":"category","embeddable":true,"href":"http:\/\/desarrollo.grupomedios.com\/futbol\/wp-json\/wp\/v2\/categories?post=488840"},{"taxonomy":"post_tag","embeddable":true,"href":"http:\/\/desarrollo.grupomedios.com\/futbol\/wp-json\/wp\/v2\/tags?post=488840"}],"curies":[{"name":"wp","href":"https:\/\/api.w.org\/{rel}","templated":true}]}}