{"id":488867,"date":"2017-07-17T16:00:54","date_gmt":"2017-07-17T21:00:54","guid":{"rendered":"https:\/\/www.futboltotal.com.mx\/?p=488867"},"modified":"2017-07-17T16:00:54","modified_gmt":"2017-07-17T21:00:54","slug":"atlas-da-pistas-sobre-su-nuevo-uniforme-adidas","status":"publish","type":"post","link":"http:\/\/desarrollo.grupomedios.com\/futbol\/destacado-home\/atlas-da-pistas-sobre-su-nuevo-uniforme-adidas\/2017\/07","title":{"rendered":"Atlas da pistas sobre su nuevo uniforme Adidas"},"content":{"rendered":"<p>A trav\u00e9s de su cuenta oficial de <strong>Twitter, <a href=\"https:\/\/www.futboltotal.com.mx\/2017\/07\/liderazgo-rafa-marquez-le-viene-bien-al-atlas-profe-cruz\/\" target=\"_blank\" rel=\"noopener noreferrer\"><span style=\"color: #333399;\">Atlas<\/span><\/a><\/strong> dio un breve adelanto de lo que ser\u00e1 su nueva piel para el <a href=\"https:\/\/www.futboltotal.com.mx\/2017\/07\/fmf-recuerda-a-los-suspendidos-inicio-del-apertura-2017\/\" target=\"_blank\" rel=\"noopener noreferrer\"><span style=\"color: #333399;\"><strong>Apertura 2017<\/strong><\/span><\/a> y <strong>Clausura 2018<\/strong>.<\/p>\n<p style=\"text-align: center;\"><a href=\"https:\/\/www.futboltotal.com.mx\/2017\/07\/totti-confirma-adios-al-futbol-con-emotiva-carta\/\" target=\"_blank\" rel=\"noopener noreferrer\"><span style=\"color: #333399;\">VER M\u00c1S:\u00a0Totti confirma su adi\u00f3s al futbol con emotiva carta<\/span><\/a><\/p>\n<p>Bajo el lema #FielXAtlas, los <em>Zorros<\/em> publicaron una imagen en la que aparece el zaguero <strong>Stiven Barreiro<\/strong> portando la nueva armadura del conjunto <em>Rojinegro<\/em>, mismo que ser\u00e1 presentado esta noche en la <strong>Expo Guadalajara.<\/strong><\/p>\n<p style=\"text-align: center;\"><a href=\"https:\/\/www.futboltotal.com.mx\/2017\/07\/delantero-honduras-sorprende-fichaje-barcelona\/\" target=\"_blank\" rel=\"noopener noreferrer\"><span style=\"color: #333399;\">VER M\u00c1S:\u00a0\u00a1Delantero de Honduras sorprende con su fichaje por el Barcelona!<\/span><\/a><\/p>\n<p><strong>Adidas<\/strong> fue la marca encargada de dise\u00f1ar las nuevas armaduras de los <em>Zorros<\/em>. El dise\u00f1o de local repetar\u00e1 los colores tradicionales del club, as\u00ec como un cuello redondo en color negro, mientras que en las mangas aparecen los patrocinios de <strong>Total Play<\/strong> y <strong>Coca-Cola<\/strong>.<\/p>\n<p>&nbsp;<\/p>\n<blockquote class=\"twitter-tweet\" data-lang=\"es\">\n<p dir=\"ltr\" lang=\"es\">\u00a1Falta poco para conocer el nuevo jersey de los Rojinegros! &#x1f534;\u26ab\ufe0f<a href=\"https:\/\/twitter.com\/hashtag\/FielXAtlas?src=hash\">#FielXAtlas<\/a> <a href=\"https:\/\/t.co\/KA5F6VgnKd\">pic.twitter.com\/KA5F6VgnKd<\/a><\/p>\n<p>\u2014 Atlas FC (@atlasfc) <a href=\"https:\/\/twitter.com\/atlasfc\/status\/887010454777847809\">17 de julio de 2017<\/a><\/p><\/blockquote>\n<p><script async src=\"\/\/platform.twitter.com\/widgets.js\" charset=\"utf-8\"><\/script><\/p>\n","protected":false},"excerpt":{"rendered":"<p>Atlas da un adelanto de su nueva piel<\/p>\n","protected":false},"author":20,"featured_media":483709,"comment_status":"closed","ping_status":"closed","sticky":false,"template":"","format":"standard","meta":[],"categories":[5419,5,2198,3845],"tags":[1560,5961],"_links":{"self":[{"href":"http:\/\/desarrollo.grupomedios.com\/futbol\/wp-json\/wp\/v2\/posts\/488867"}],"collection":[{"href":"http:\/\/desarrollo.grupomedios.com\/futbol\/wp-json\/wp\/v2\/posts"}],"about":[{"href":"http:\/\/desarrollo.grupomedios.com\/futbol\/wp-json\/wp\/v2\/types\/post"}],"author":[{"embeddable":true,"href":"http:\/\/desarrollo.grupomedios.com\/futbol\/wp-json\/wp\/v2\/users\/20"}],"replies":[{"embeddable":true,"href":"http:\/\/desarrollo.grupomedios.com\/futbol\/wp-json\/wp\/v2\/comments?post=488867"}],"version-history":[{"count":1,"href":"http:\/\/desarrollo.grupomedios.com\/futbol\/wp-json\/wp\/v2\/posts\/488867\/revisions"}],"predecessor-version":[{"id":488868,"href":"http:\/\/desarrollo.grupomedios.com\/futbol\/wp-json\/wp\/v2\/posts\/488867\/revisions\/488868"}],"wp:featuredmedia":[{"embeddable":true,"href":"http:\/\/desarrollo.grupomedios.com\/futbol\/wp-json\/wp\/v2\/media\/483709"}],"wp:attachment":[{"href":"http:\/\/desarrollo.grupomedios.com\/futbol\/wp-json\/wp\/v2\/media?parent=488867"}],"wp:term":[{"taxonomy":"category","embeddable":true,"href":"http:\/\/desarrollo.grupomedios.com\/futbol\/wp-json\/wp\/v2\/categories?post=488867"},{"taxonomy":"post_tag","embeddable":true,"href":"http:\/\/desarrollo.grupomedios.com\/futbol\/wp-json\/wp\/v2\/tags?post=488867"}],"curies":[{"name":"wp","href":"https:\/\/api.w.org\/{rel}","templated":true}]}}