{"id":488879,"date":"2017-07-17T17:13:36","date_gmt":"2017-07-17T22:13:36","guid":{"rendered":"https:\/\/www.futboltotal.com.mx\/?p=488879"},"modified":"2017-07-17T17:14:11","modified_gmt":"2017-07-17T22:14:11","slug":"chivas-arrancara-apertura-2017-con-hasta-siete-bajas","status":"publish","type":"post","link":"http:\/\/desarrollo.grupomedios.com\/futbol\/uncategorized\/chivas-arrancara-apertura-2017-con-hasta-siete-bajas\/2017\/07","title":{"rendered":"Chivas arrancar\u00e1 el Apertura 2017 con siete bajas"},"content":{"rendered":"<p>Mal y de malas para <a href=\"https:\/\/www.futboltotal.com.mx\/2017\/07\/jugadores-chivas-se-burlan-almeyda-tener-tatuado-al-gullit\/\" target=\"_blank\" rel=\"noopener noreferrer\"><span style=\"color: #333399;\"><strong>Chivas<\/strong><\/span><\/a> previo al arranque del <a href=\"https:\/\/www.futboltotal.com.mx\/2017\/07\/fmf-recuerda-a-los-suspendidos-inicio-del-apertura-2017\/\" target=\"_blank\" rel=\"noopener noreferrer\"><span style=\"color: #333399;\"><strong>Apertura 2017<\/strong><\/span><\/a>, y es que el &#8216;Pelado&#8217; <a href=\"https:\/\/www.futboltotal.com.mx\/2017\/07\/almeyda-le-abre-la-puerta-a-chicharito-regrese-a-chivas\/\" target=\"_blank\" rel=\"noopener noreferrer\"><span style=\"color: #333399;\"><strong>Almeyda<\/strong><\/span><\/a> enfrentar\u00eda a <a href=\"https:\/\/www.futboltotal.com.mx\/2017\/07\/toluca-presenta-nuevo-uniforme-apertura-2017\/\" target=\"_blank\" rel=\"noopener noreferrer\"><span style=\"color: #333399;\"><strong>Toluca<\/strong><\/span><\/a> en la <strong>Jornada 1<\/strong> con hasta siete jugadores diferentes al que utiliz\u00f3 ante <a href=\"https:\/\/www.futboltotal.com.mx\/2017\/07\/tigres-se-impone-a-chivas-y-se-corona-bicampeon-del-campeon-de-campeones\/\" target=\"_blank\" rel=\"noopener noreferrer\"><span style=\"color: #333399;\"><strong>Tigres<\/strong><\/span><\/a> en la <strong>Gran Final<\/strong> del <strong>Clausura 2017<\/strong>.<\/p>\n<p><strong><span style=\"color: #333399;\"><a style=\"color: #333399;\" href=\"https:\/\/www.futboltotal.com.mx\/2017\/07\/pereira-causo-baja-para-duelo-ante-el-salvador\/\" target=\"_blank\" rel=\"noopener noreferrer\">Jair Pereira<\/a><\/span>, <a href=\"https:\/\/www.futboltotal.com.mx\/2017\/05\/orbelin-pineda-podria-dejar-chivas-ir-al-valencia\/\" target=\"_blank\" rel=\"noopener noreferrer\"><span style=\"color: #333399;\">Orbel\u00edn Pineda<\/span><\/a>, Hedgardo Mar\u00edn<\/strong> y <a href=\"https:\/\/www.futboltotal.com.mx\/2017\/07\/rodolfo-pizarro-trollea-la-siesta-del-cubo-torres-en-pleno-vuelo\/\" target=\"_blank\" rel=\"noopener noreferrer\"><span style=\"color: #333399;\"><strong>Rodolfo Pizarro<\/strong><\/span><\/a> no podr\u00e1n ver acci\u00f3n ante los <em>Diablos Rojos<\/em> por encontrarse concentrados con <a href=\"https:\/\/www.futboltotal.com.mx\/2017\/07\/mexico-se-impuso-a-curazao-y-se-colo-a-cuartos-de-final\/\" target=\"_blank\" rel=\"noopener noreferrer\"><span style=\"color: #333399;\"><strong>Selecci\u00f3n Mexicana<\/strong><\/span><\/a> en <strong>Copa Oro<\/strong>. A ellos se les suma <strong>N\u00e9stor<\/strong> &#8216;El Avi\u00f3n&#8217; <strong>Calder\u00f3n<\/strong>, quien abandon\u00f3 el club tras terminar su relaci\u00f3n contractual y firm\u00f3 con <a href=\"https:\/\/www.futboltotal.com.mx\/2017\/07\/pumas-estrenara-patrocinador-en-el-apertura-2017\/\" target=\"_blank\" rel=\"noopener noreferrer\"><span style=\"color: #333399;\"><strong>Pumas<\/strong><\/span><\/a>.<\/p>\n<p style=\"text-align: center;\"><a href=\"https:\/\/www.futboltotal.com.mx\/2017\/07\/jonathan-dos-santos-se-comprometio-en-sus-vacaciones\/\" target=\"_blank\" rel=\"noopener noreferrer\"><span style=\"color: #333399;\">VER M\u00c1S:\u00a0\u00a1Jonathan Dos Santos se comprometi\u00f3 en sus vacaciones!<\/span><\/a><\/p>\n<p><a href=\"https:\/\/www.futboltotal.com.mx\/2017\/07\/alan-pulido-estara-18-semanas\/\" target=\"_blank\" rel=\"noopener noreferrer\"><span style=\"color: #333399;\"><strong>Alan Pulido<\/strong><\/span><\/a> qued\u00f3 completamente descartado, luego de la fractura que sufri\u00f3 en el h\u00famero del brazo derecho en un encuentro amistoso del <em>Tricolor<\/em> ante <strong>Paraguay<\/strong>. A <strong>Pulido<\/strong> se le suman las bajas de <a href=\"https:\/\/www.futboltotal.com.mx\/2017\/04\/oswaldo-alanis-sufrio-una-fractura-nariz\/\" target=\"_blank\" rel=\"noopener noreferrer\"><span style=\"color: #333399;\"><strong>Oswaldo Alan\u00eds<\/strong><\/span><\/a> y <span style=\"color: #333399;\"><a style=\"color: #333399;\" href=\"https:\/\/www.futboltotal.com.mx\/2017\/05\/gallito-vazquez-confeso-intimo-origen-apodo\/\" target=\"_blank\" rel=\"noopener noreferrer\"><strong>Jos\u00e9 Juan V\u00e1zquez<\/strong><\/a><\/span>, jugadores que abandonaron el terreno de juego en cotejo por el <strong>Campe\u00f3n de Campeones<\/strong> ante <strong>Tigres<\/strong>.<\/p>\n<p>La \u00fanica buena noticia para el<em> Reba\u00f1o Sagrado<\/em> es la recuperaci\u00f3n de <span style=\"color: #333399;\"><a style=\"color: #333399;\" href=\"https:\/\/www.futboltotal.com.mx\/2017\/06\/zaldivar-casi-listo-para-el-apertura-2017-tras-quedar-fuera-de-copa-oro\/\" target=\"_blank\" rel=\"noopener noreferrer\"><strong>\u00c1ngel Zald\u00edvar<\/strong><\/a>,<\/span> quien podr\u00e1 suplir a <strong>Pulido<\/strong> en la delantera del <em>Chiver\u00edo<\/em>. <strong>Carlos Fierro<\/strong> suplir\u00eda a <strong>Calderon, Michael P\u00e9rez<\/strong> a <strong>V\u00e1squez<\/strong>, &#8216;La Chofis&#8217; <strong>L\u00f3pez<\/strong> a <strong>Pizarro<\/strong> y <strong>Miguel Basulto<\/strong> a uno de los centrales.<\/p>\n<p style=\"text-align: center;\"><a href=\"https:\/\/www.futboltotal.com.mx\/2017\/07\/costa-le-envia-mensaje-a-conte-vistiendo-la-camiseta-del-atletico\/\" target=\"_blank\" rel=\"noopener noreferrer\"><span style=\"color: #333399;\">VER M\u00c1S:\u00a0Costa le env\u00eda mensaje a Conte vistiendo la playera del Atleti<\/span><\/a><\/p>\n<p>El capit\u00e1n <strong>Salcido<\/strong> tendr\u00eda que bajar a la zaga central y su lugar en la media cancha ser\u00eda ocupado por <strong>\u00c1ngel L\u00f3pez<\/strong> y por \u00faltimo,<strong> Edson Torres<\/strong> ser\u00eda la opci\u00f3n m\u00e1s viable para suplir a <strong>Pineda.<\/strong><\/p>\n","protected":false},"excerpt":{"rendered":"<p>El &#8216;Pelado&#8217; pasar\u00e1 las de Ca\u00edn en las primeras Jornadas del Apertura 2017<\/p>\n","protected":false},"author":20,"featured_media":488881,"comment_status":"closed","ping_status":"closed","sticky":false,"template":"","format":"standard","meta":[],"categories":[5,2198,3845,1],"tags":[1607,70,9080,955,6109,1420,2049,4908],"_links":{"self":[{"href":"http:\/\/desarrollo.grupomedios.com\/futbol\/wp-json\/wp\/v2\/posts\/488879"}],"collection":[{"href":"http:\/\/desarrollo.grupomedios.com\/futbol\/wp-json\/wp\/v2\/posts"}],"about":[{"href":"http:\/\/desarrollo.grupomedios.com\/futbol\/wp-json\/wp\/v2\/types\/post"}],"author":[{"embeddable":true,"href":"http:\/\/desarrollo.grupomedios.com\/futbol\/wp-json\/wp\/v2\/users\/20"}],"replies":[{"embeddable":true,"href":"http:\/\/desarrollo.grupomedios.com\/futbol\/wp-json\/wp\/v2\/comments?post=488879"}],"version-history":[{"count":1,"href":"http:\/\/desarrollo.grupomedios.com\/futbol\/wp-json\/wp\/v2\/posts\/488879\/revisions"}],"predecessor-version":[{"id":488882,"href":"http:\/\/desarrollo.grupomedios.com\/futbol\/wp-json\/wp\/v2\/posts\/488879\/revisions\/488882"}],"wp:featuredmedia":[{"embeddable":true,"href":"http:\/\/desarrollo.grupomedios.com\/futbol\/wp-json\/wp\/v2\/media\/488881"}],"wp:attachment":[{"href":"http:\/\/desarrollo.grupomedios.com\/futbol\/wp-json\/wp\/v2\/media?parent=488879"}],"wp:term":[{"taxonomy":"category","embeddable":true,"href":"http:\/\/desarrollo.grupomedios.com\/futbol\/wp-json\/wp\/v2\/categories?post=488879"},{"taxonomy":"post_tag","embeddable":true,"href":"http:\/\/desarrollo.grupomedios.com\/futbol\/wp-json\/wp\/v2\/tags?post=488879"}],"curies":[{"name":"wp","href":"https:\/\/api.w.org\/{rel}","templated":true}]}}