{"id":488897,"date":"2017-07-17T19:13:57","date_gmt":"2017-07-18T00:13:57","guid":{"rendered":"https:\/\/www.futboltotal.com.mx\/?p=488897"},"modified":"2017-07-17T19:13:57","modified_gmt":"2017-07-18T00:13:57","slug":"tigres-cerca-de-amarrar-a-jugador-del-atletico-nacional","status":"publish","type":"post","link":"http:\/\/desarrollo.grupomedios.com\/futbol\/futbol-mexicano\/tigres-cerca-de-amarrar-a-jugador-del-atletico-nacional\/2017\/07","title":{"rendered":"Tigres cerca de amarrar a jugador del Atl\u00e9tico Nacional"},"content":{"rendered":"<p><a href=\"https:\/\/www.futboltotal.com.mx\/2017\/07\/tigres-rechazo-oferta-del-besiktas-gignac\/\" target=\"_blank\" rel=\"noopener noreferrer\"><span style=\"color: #333399;\"><strong>Tigres<\/strong><\/span><\/a> est\u00e1 por amarrar a <a href=\"https:\/\/www.futboltotal.com.mx\/2017\/06\/mateus-uribe-se-pone-en-huelga-llegar-a-america\/\" target=\"_blank\" rel=\"noopener noreferrer\"><span style=\"color: #333399;\"><strong>Mateus Uribe<\/strong><\/span><\/a>, jugador del <a href=\"https:\/\/www.futboltotal.com.mx\/2017\/06\/david-villa-interesa-al-atletico-nacional\/\" target=\"_blank\" rel=\"noopener noreferrer\"><span style=\"color: #333399;\"><strong>Atl\u00e9tico Nacional<\/strong><\/span><\/a> que era pretendido por el <a href=\"https:\/\/www.futboltotal.com.mx\/2017\/07\/america-se-hace-de-otro-patrocinador-para-el-apertura-2017\/\" target=\"_blank\" rel=\"noopener noreferrer\"><span style=\"color: #333399;\"><strong>Club Am\u00e9rica<\/strong><\/span><\/a> para el <strong>Apertura 2017<\/strong>, y es que tal parece que a los &#8216;Verdolagas&#8217; les sedujo m\u00e1s la propuesta econ\u00f3mica de los felinos.<\/p>\n<p style=\"text-align: center;\"><a href=\"https:\/\/www.futboltotal.com.mx\/2017\/07\/clubes-niegan-jugadores-para-reforzar-a-mexico-en-copa-oro\/\" target=\"_blank\" rel=\"noopener noreferrer\">VER M\u00c1S:\u00a0Clubes niegan a sus jugadores para reforzar a M\u00e9xico en Copa Oro<\/a><\/p>\n<p>El gerente deportivo del <strong>Atl\u00e9tico Nacional, V\u00edctor Marulanda<\/strong>, asegur\u00f3 que las negociaciones con los universitarios por los servicios de <strong>Uribe<\/strong> van por buen camino, aunque no descarta que pueda surgir el inter\u00e9s de otro club.<\/p>\n<p style=\"text-align: center;\"><a href=\"https:\/\/www.futboltotal.com.mx\/2017\/07\/america-se-hace-de-otro-patrocinador-para-el-apertura-2017\/\" target=\"_blank\" rel=\"noopener noreferrer\">VER M\u00c1S:\u00a0Am\u00e9rica se hace de otro patrocinador \u00bfIr\u00e1 en el jersey?<\/a><\/p>\n<p>\u201cTodav\u00eda no hay nada cerrado, pero los jugadores tienen todo encaminado, m\u00e1s all\u00e1 de la plata, la voluntad de ellos ha pesado m\u00e1s. En esto del futbol es muy cambiante, pero las posilbidades m\u00e1s firmes son lsa de Racing para Ibarg\u00fcen y para Mateus la de Tigres de M\u00e9xico. Aunque estamos pendientes que se pueda activar otra opci\u00f3n por Uribe. Pero van muy encaminados a esos equipos iniciales\u201d.<\/p>\n<p style=\"text-align: center;\"><a href=\"https:\/\/www.futboltotal.com.mx\/2017\/07\/chivas-arrancara-apertura-2017-con-hasta-siete-bajas\/\" target=\"_blank\" rel=\"noopener noreferrer\"><span style=\"color: #333399;\">VER M\u00c1S:\u00a0Chivas arrancar\u00e1 el Apertura 2017 con siete bajas<\/span><\/a><\/p>\n","protected":false},"excerpt":{"rendered":"<p>Tigres ya tendr\u00eda al sustituto de Pizarro<\/p>\n","protected":false},"author":20,"featured_media":485922,"comment_status":"closed","ping_status":"closed","sticky":false,"template":"","format":"standard","meta":[],"categories":[7740,2198,3845],"tags":[2075,9184,5973],"_links":{"self":[{"href":"http:\/\/desarrollo.grupomedios.com\/futbol\/wp-json\/wp\/v2\/posts\/488897"}],"collection":[{"href":"http:\/\/desarrollo.grupomedios.com\/futbol\/wp-json\/wp\/v2\/posts"}],"about":[{"href":"http:\/\/desarrollo.grupomedios.com\/futbol\/wp-json\/wp\/v2\/types\/post"}],"author":[{"embeddable":true,"href":"http:\/\/desarrollo.grupomedios.com\/futbol\/wp-json\/wp\/v2\/users\/20"}],"replies":[{"embeddable":true,"href":"http:\/\/desarrollo.grupomedios.com\/futbol\/wp-json\/wp\/v2\/comments?post=488897"}],"version-history":[{"count":1,"href":"http:\/\/desarrollo.grupomedios.com\/futbol\/wp-json\/wp\/v2\/posts\/488897\/revisions"}],"predecessor-version":[{"id":488898,"href":"http:\/\/desarrollo.grupomedios.com\/futbol\/wp-json\/wp\/v2\/posts\/488897\/revisions\/488898"}],"wp:featuredmedia":[{"embeddable":true,"href":"http:\/\/desarrollo.grupomedios.com\/futbol\/wp-json\/wp\/v2\/media\/485922"}],"wp:attachment":[{"href":"http:\/\/desarrollo.grupomedios.com\/futbol\/wp-json\/wp\/v2\/media?parent=488897"}],"wp:term":[{"taxonomy":"category","embeddable":true,"href":"http:\/\/desarrollo.grupomedios.com\/futbol\/wp-json\/wp\/v2\/categories?post=488897"},{"taxonomy":"post_tag","embeddable":true,"href":"http:\/\/desarrollo.grupomedios.com\/futbol\/wp-json\/wp\/v2\/tags?post=488897"}],"curies":[{"name":"wp","href":"https:\/\/api.w.org\/{rel}","templated":true}]}}