{"id":488914,"date":"2017-07-17T23:52:31","date_gmt":"2017-07-18T04:52:31","guid":{"rendered":"https:\/\/www.futboltotal.com.mx\/?p=488914"},"modified":"2017-07-18T00:06:33","modified_gmt":"2017-07-18T05:06:33","slug":"cruz-azul-vencio-porto-penales-super-copa-tecate","status":"publish","type":"post","link":"http:\/\/desarrollo.grupomedios.com\/futbol\/destacado-home\/cruz-azul-vencio-porto-penales-super-copa-tecate\/2017\/07","title":{"rendered":"Cruz Azul venci\u00f3 al Porto en penales dentro de la S\u00faper Copa Tecate"},"content":{"rendered":"<p>&nbsp;<\/p>\n<p>La cancha del estadio Azul presenci\u00f3 el primer partido del <strong>Porto<\/strong> en suelo mexicano al caer en penales contra <strong>Cruz Azul<\/strong> dentro de la <strong>S\u00faper Copa Tecate<\/strong>, un duelo que se tuvo que decidir desde los 12 pasos luego de que en tiempo regular empataran sin goles.<\/p>\n<p>El \u00fanico jugador mexicano que fue parte del 11 titular de los <em>Dragones<\/em> lusos fue <strong>Jes\u00fas<\/strong> <em><strong>Tecatito<\/strong> <\/em><strong>Corona<\/strong>, quien fue el primer azteca en sumarse a la pretemporada de los portugueses, aunque en el tramo final de la segunda parte ingresaron de cambio <strong>Miguel<\/strong> <strong>Lay\u00fan<\/strong> y <strong>H\u00e9ctor<\/strong> <strong>Herrera<\/strong>.<\/p>\n<p style=\"text-align: center;\"><span style=\"color: #333399;\"><a href=\"https:\/\/www.futboltotal.com.mx\/2017\/07\/monterrey-oficializa-el-traspaso-de-cardona-a-boca-juniors\/\" target=\"_blank\" rel=\"noopener noreferrer\">VER M\u00c1S: Monterrey oficializa el traspaso de Edwin Cardona a Boca Juniors<\/a><\/span><\/p>\n<p>El tiempo regular entreg\u00f3 pocas ocasiones de peligro por ambos bandos, en gran parte a causa de que los dos clubes apostaron por cuadros alternos, aunque el <strong>Porto<\/strong> aline\u00f3 desde el inicio al hist\u00f3rico portero espa\u00f1ol <strong>Iker Casillas.<\/strong><\/p>\n<p>Sin duda, la tanda de penales que se cobr\u00f3 al final del tiempo regular para tener un ganador fue la parte m\u00e1s emocionante del partido, en la que el juvenil portero <strong>Yahir Pel\u00e1ez<\/strong>, quien termin\u00f3 como la gran figura de <strong>La M\u00e1quina<\/strong> tanto en los 90 minutos como en la tanda de penaltis.<\/p>\n<p style=\"text-align: center;\"><a href=\"https:\/\/www.futboltotal.com.mx\/2017\/07\/clubes-europeos-han-jugado-en-mexico\/\" target=\"_blank\" rel=\"noopener noreferrer\"><span style=\"color: #333399;\">VER M\u00c1S: Los clubes europeos que han jugado en M\u00e9xico en los \u00faltimos a\u00f1os<\/span><\/a><\/p>\n<p>La <strong><a href=\"http:\/\/tecate.com\/supercopa\/\" target=\"_blank\" rel=\"noopener noreferrer\"><span style=\"color: #333399;\">S\u00faper Copa Tecate<\/span><\/a><\/strong> continuar\u00e1 este mi\u00e9rcoles 19 de julio en <strong>Guadalajara<\/strong>, con la visita del <strong>Porto<\/strong> a las <strong>Chivas<\/strong>, que se enfrentar\u00e1n en el <strong>estadio Chivas<\/strong> en punto de las 19:00 hrs. No olviden que a\u00fan pueden <a href=\"http:\/\/www.ticketmaster.com.mx\/chivas-v-porto-zapopan-jalisco-19-07-2017\/event\/140052C7AE5E5708?artistid=1227730&amp;majorcatid=10004&amp;minorcatid=11&amp;tm_link=artist_msg-0_140052C7AE5E5708\" target=\"_blank\" rel=\"noopener noreferrer\"><span style=\"color: #333399;\">adquirir sus boletos para ver al cuadro portugu\u00e9s<\/span><\/a> y sus figuras en suelo tapat\u00edo.<\/p>\n","protected":false},"excerpt":{"rendered":"<p>La M\u00e1quina se impuso a los Dragones lusos del Tecatito Corona, Lay\u00fan y Herrera.<\/p>\n","protected":false},"author":20,"featured_media":488915,"comment_status":"closed","ping_status":"closed","sticky":false,"template":"","format":"standard","meta":[],"categories":[5,3839,2198,7709],"tags":[5962,5995,1035,1208,9334,6045],"_links":{"self":[{"href":"http:\/\/desarrollo.grupomedios.com\/futbol\/wp-json\/wp\/v2\/posts\/488914"}],"collection":[{"href":"http:\/\/desarrollo.grupomedios.com\/futbol\/wp-json\/wp\/v2\/posts"}],"about":[{"href":"http:\/\/desarrollo.grupomedios.com\/futbol\/wp-json\/wp\/v2\/types\/post"}],"author":[{"embeddable":true,"href":"http:\/\/desarrollo.grupomedios.com\/futbol\/wp-json\/wp\/v2\/users\/20"}],"replies":[{"embeddable":true,"href":"http:\/\/desarrollo.grupomedios.com\/futbol\/wp-json\/wp\/v2\/comments?post=488914"}],"version-history":[{"count":2,"href":"http:\/\/desarrollo.grupomedios.com\/futbol\/wp-json\/wp\/v2\/posts\/488914\/revisions"}],"predecessor-version":[{"id":488917,"href":"http:\/\/desarrollo.grupomedios.com\/futbol\/wp-json\/wp\/v2\/posts\/488914\/revisions\/488917"}],"wp:featuredmedia":[{"embeddable":true,"href":"http:\/\/desarrollo.grupomedios.com\/futbol\/wp-json\/wp\/v2\/media\/488915"}],"wp:attachment":[{"href":"http:\/\/desarrollo.grupomedios.com\/futbol\/wp-json\/wp\/v2\/media?parent=488914"}],"wp:term":[{"taxonomy":"category","embeddable":true,"href":"http:\/\/desarrollo.grupomedios.com\/futbol\/wp-json\/wp\/v2\/categories?post=488914"},{"taxonomy":"post_tag","embeddable":true,"href":"http:\/\/desarrollo.grupomedios.com\/futbol\/wp-json\/wp\/v2\/tags?post=488914"}],"curies":[{"name":"wp","href":"https:\/\/api.w.org\/{rel}","templated":true}]}}