{"id":488926,"date":"2017-07-18T11:08:54","date_gmt":"2017-07-18T16:08:54","guid":{"rendered":"https:\/\/www.futboltotal.com.mx\/?p=488926"},"modified":"2017-07-18T15:03:27","modified_gmt":"2017-07-18T20:03:27","slug":"campeon-del-mundo-italia-esta-buscando-trabajo-en-linkedin","status":"publish","type":"post","link":"http:\/\/desarrollo.grupomedios.com\/futbol\/futbol-internacional\/campeon-del-mundo-italia-esta-buscando-trabajo-en-linkedin\/2017\/07","title":{"rendered":"Campe\u00f3n del mundo con Italia est\u00e1 buscando trabajo en LinkedIn"},"content":{"rendered":"<p>Despu\u00e9s de tocar el cielo y ser <strong>Campe\u00f3n del Mundo en 2006<\/strong>, este futbolista italiano ha pasado a ser desempleado.<\/p>\n<p><strong>Cristian Zaccardo<\/strong>, defensa que fue parte del equipo que se llev\u00f3 el t\u00edtulo de <strong>Alemania 2006<\/strong> con <strong>Italia<\/strong>, se encuentra sin trabajo y est\u00e1 buscando trabajo a trav\u00e9s de <strong>LinkedIn<\/strong>.<\/p>\n<p style=\"text-align: center;\"><span style=\"color: #333399;\"><a style=\"color: #333399;\" href=\"https:\/\/www.futboltotal.com.mx\/2017\/07\/atlas-presento-su-nueva-piel-de-la-mano-de-adidas\/\" target=\"_blank\" rel=\"noopener noreferrer\">VER M\u00c1S: Atlas presenta su nuevo uniforme con Adidas<\/a><\/span><\/p>\n<p>El lateral de 35 a\u00f1os, rescindi\u00f3 su contrato con el <strong>Vicenza<\/strong> y ahora ofrece sus servicios, aportando todo su palmar\u00e9s en la red social.<\/p>\n<p><a href=\"https:\/\/www.futboltotal.com.mx\/wp-content\/uploads\/2017\/07\/zaccardo.jpg\"><img decoding=\"async\" loading=\"lazy\" class=\"alignnone size-full wp-image-488937\" src=\"https:\/\/www.futboltotal.com.mx\/wp-content\/uploads\/2017\/07\/zaccardo.jpg\" alt=\"Campe\u00f3n del mundo con Italia est\u00e1 buscando trabajo en LinkedIn 0\" srcset=\"http:\/\/desarrollo.grupomedios.com\/futbol\/wp-content\/uploads\/2017\/07\/zaccardo.jpg 649w, http:\/\/desarrollo.grupomedios.com\/futbol\/wp-content\/uploads\/2017\/07\/zaccardo-252x300.jpg 252w\" sizes=\"(max-width: 649px) 100vw, 649px\" \/><\/a><\/p>\n<p style=\"text-align: center;\"><span style=\"color: #333399;\"><a style=\"color: #333399;\" href=\"https:\/\/www.futboltotal.com.mx\/2017\/07\/clubes-europeos-han-jugado-en-mexico\/\" target=\"_blank\" rel=\"noopener noreferrer\">VER M\u00c1S: Los clubes europeos que jugaron en M\u00e9xico<\/a><\/span><\/p>\n","protected":false},"excerpt":{"rendered":"<p>El defensa azzurra ya no tiene contrato con ninguna instituci\u00f3n y est\u00e1 en busca de un nuevo trabajo <\/p>\n","protected":false},"author":20,"featured_media":488936,"comment_status":"closed","ping_status":"closed","sticky":false,"template":"","format":"standard","meta":[],"categories":[3839],"tags":[6319,2613,292,9419],"_links":{"self":[{"href":"http:\/\/desarrollo.grupomedios.com\/futbol\/wp-json\/wp\/v2\/posts\/488926"}],"collection":[{"href":"http:\/\/desarrollo.grupomedios.com\/futbol\/wp-json\/wp\/v2\/posts"}],"about":[{"href":"http:\/\/desarrollo.grupomedios.com\/futbol\/wp-json\/wp\/v2\/types\/post"}],"author":[{"embeddable":true,"href":"http:\/\/desarrollo.grupomedios.com\/futbol\/wp-json\/wp\/v2\/users\/20"}],"replies":[{"embeddable":true,"href":"http:\/\/desarrollo.grupomedios.com\/futbol\/wp-json\/wp\/v2\/comments?post=488926"}],"version-history":[{"count":2,"href":"http:\/\/desarrollo.grupomedios.com\/futbol\/wp-json\/wp\/v2\/posts\/488926\/revisions"}],"predecessor-version":[{"id":489023,"href":"http:\/\/desarrollo.grupomedios.com\/futbol\/wp-json\/wp\/v2\/posts\/488926\/revisions\/489023"}],"wp:featuredmedia":[{"embeddable":true,"href":"http:\/\/desarrollo.grupomedios.com\/futbol\/wp-json\/wp\/v2\/media\/488936"}],"wp:attachment":[{"href":"http:\/\/desarrollo.grupomedios.com\/futbol\/wp-json\/wp\/v2\/media?parent=488926"}],"wp:term":[{"taxonomy":"category","embeddable":true,"href":"http:\/\/desarrollo.grupomedios.com\/futbol\/wp-json\/wp\/v2\/categories?post=488926"},{"taxonomy":"post_tag","embeddable":true,"href":"http:\/\/desarrollo.grupomedios.com\/futbol\/wp-json\/wp\/v2\/tags?post=488926"}],"curies":[{"name":"wp","href":"https:\/\/api.w.org\/{rel}","templated":true}]}}