{"id":488939,"date":"2017-07-18T11:18:03","date_gmt":"2017-07-18T16:18:03","guid":{"rendered":"https:\/\/www.futboltotal.com.mx\/?p=488939"},"modified":"2017-07-18T15:03:14","modified_gmt":"2017-07-18T20:03:14","slug":"guido-pizarro-debuta-sevilla","status":"publish","type":"post","link":"http:\/\/desarrollo.grupomedios.com\/futbol\/futbol-internacional\/guido-pizarro-debuta-sevilla\/2017\/07","title":{"rendered":"Guido Pizarro debuta con Sevilla"},"content":{"rendered":"<p>El ex futbolista de <strong>Tigres<\/strong>, <strong>Guido Pizarro<\/strong>, ya tuvo sus primeros minutos como jugador de <strong>Sevilla<\/strong>.<\/p>\n<p>En un partido disputado en Jap\u00f3n, ante el <strong>Cerezo Osaka<\/strong>, el mediocampista argentino ingres\u00f3 a los 60 minutos de juego.<\/p>\n<p style=\"text-align: center;\"><span style=\"color: #333399;\"><a style=\"color: #333399;\" href=\"https:\/\/www.futboltotal.com.mx\/2017\/07\/yerry-mina-llegaria-al-barcelona-en-2018\/\" target=\"_blank\" rel=\"noopener noreferrer\">VER M\u00c1S: Barcelona tendr\u00e1 nuevo defensor colombiano<\/a><\/span><\/p>\n<p>Con anotaciones de <strong>Wissam Ben Yedder<\/strong>, en dos ocasiones, y <strong>Luis Muriel<\/strong>, el <strong>Sevilla<\/strong> derrot\u00f3 al conjunto japon\u00e9s por marcador de 1-3.<\/p>\n<p><strong>\u00c9ver Banega<\/strong> tambi\u00e9n debut\u00f3 como refuerzo del club espa\u00f1ol, aunque ya vive sus segunda etapa con esta camiseta.<\/p>\n<p style=\"text-align: center;\"><span style=\"color: #333399;\"><a style=\"color: #333399;\" href=\"https:\/\/www.futboltotal.com.mx\/2017\/07\/monterrey-oficializa-el-traspaso-de-cardona-a-boca-juniors\/\" target=\"_blank\" rel=\"noopener noreferrer\">VER M\u00c1S: Edwin Cardona llega a Boca Juniors<\/a><\/span><\/p>\n<p>&nbsp;<\/p>\n<p>&nbsp;<\/p>\n","protected":false},"excerpt":{"rendered":"<p>El mediocampista argentino ya tuvo sus primeros minutos con la camiseta del conjunto espa\u00f1ol<\/p>\n","protected":false},"author":20,"featured_media":488940,"comment_status":"closed","ping_status":"closed","sticky":false,"template":"","format":"standard","meta":[],"categories":[3839],"tags":[253,3991,6114,64,49,5973],"_links":{"self":[{"href":"http:\/\/desarrollo.grupomedios.com\/futbol\/wp-json\/wp\/v2\/posts\/488939"}],"collection":[{"href":"http:\/\/desarrollo.grupomedios.com\/futbol\/wp-json\/wp\/v2\/posts"}],"about":[{"href":"http:\/\/desarrollo.grupomedios.com\/futbol\/wp-json\/wp\/v2\/types\/post"}],"author":[{"embeddable":true,"href":"http:\/\/desarrollo.grupomedios.com\/futbol\/wp-json\/wp\/v2\/users\/20"}],"replies":[{"embeddable":true,"href":"http:\/\/desarrollo.grupomedios.com\/futbol\/wp-json\/wp\/v2\/comments?post=488939"}],"version-history":[{"count":2,"href":"http:\/\/desarrollo.grupomedios.com\/futbol\/wp-json\/wp\/v2\/posts\/488939\/revisions"}],"predecessor-version":[{"id":489022,"href":"http:\/\/desarrollo.grupomedios.com\/futbol\/wp-json\/wp\/v2\/posts\/488939\/revisions\/489022"}],"wp:featuredmedia":[{"embeddable":true,"href":"http:\/\/desarrollo.grupomedios.com\/futbol\/wp-json\/wp\/v2\/media\/488940"}],"wp:attachment":[{"href":"http:\/\/desarrollo.grupomedios.com\/futbol\/wp-json\/wp\/v2\/media?parent=488939"}],"wp:term":[{"taxonomy":"category","embeddable":true,"href":"http:\/\/desarrollo.grupomedios.com\/futbol\/wp-json\/wp\/v2\/categories?post=488939"},{"taxonomy":"post_tag","embeddable":true,"href":"http:\/\/desarrollo.grupomedios.com\/futbol\/wp-json\/wp\/v2\/tags?post=488939"}],"curies":[{"name":"wp","href":"https:\/\/api.w.org\/{rel}","templated":true}]}}