{"id":488989,"date":"2017-07-18T13:18:10","date_gmt":"2017-07-18T18:18:10","guid":{"rendered":"https:\/\/www.futboltotal.com.mx\/?p=488989"},"modified":"2017-07-18T13:19:04","modified_gmt":"2017-07-18T18:19:04","slug":"bayer-acepto-que-tiene-ofertas-por-chicharito","status":"publish","type":"post","link":"http:\/\/desarrollo.grupomedios.com\/futbol\/futbol-internacional\/bayer-acepto-que-tiene-ofertas-por-chicharito\/2017\/07","title":{"rendered":"Bayer admite que tiene ofertas por Chicharito"},"content":{"rendered":"<p><strong>Rudi V\u00f6ller<\/strong>, director deportivo del <a href=\"https:\/\/www.futboltotal.com.mx\/2017\/07\/dt-del-leverkusen-lo-hecho-chicharito-aqui-lo-hicieron-otros\/\" target=\"_blank\" rel=\"noopener noreferrer\"><span style=\"color: #333399;\"><strong>Bayer Leverkusen<\/strong><\/span><\/a>, admiti\u00f3 que diversos clubes han preguntado por el delantero mexicano, <a href=\"https:\/\/www.futboltotal.com.mx\/2015\/07\/javier-hernandez-interesa-en-tottenham\/\" target=\"_blank\" rel=\"noopener noreferrer\"><span style=\"color: #333399;\"><strong>Javier Hern\u00e1ndez.<\/strong><\/span><\/a><\/p>\n<p style=\"text-align: center;\"><a href=\"https:\/\/www.futboltotal.com.mx\/2017\/07\/andres-guardado-estrena-nuevo-jersey-atlas\/\" target=\"_blank\" rel=\"noopener noreferrer\"><span style=\"color: #333399;\">VER M\u00c1S:\u00a0Andr\u00e9s Guardado estrena el nuevo jersey de Atlas<\/span><\/a><\/p>\n<p>\u201cDebido a su calidad es interesante para muchos clubes. Recibimos a menudo ofertas, pero estamos esperando, sin prisas. Todav\u00eda puede pasar al al respecto\u201d, declar\u00f3 el directivo para el diario alem\u00e1n Frankfurter Allgemeinen Zeitung.<\/p>\n<p style=\"text-align: center;\"><a href=\"https:\/\/www.futboltotal.com.mx\/2017\/07\/javier-aquino-acepta-existen-posibilidades-regresar-a-europa\/\" target=\"_blank\" rel=\"noopener noreferrer\"><span style=\"color: #333399;\">VER M\u00c1S:\u00a0Javier Aquino acepta que existen posibilidades de regresar a Europa<\/span><\/a><\/p>\n<p><a href=\"https:\/\/www.futboltotal.com.mx\/2017\/07\/west-ham-pagaria-la-clausula-rescision-chicharito\/\" target=\"_blank\" rel=\"noopener noreferrer\"><span style=\"color: #333399;\"><strong>West Ham<\/strong><\/span><\/a> ser\u00eda el m\u00e1s interesado en hacerse de los servicios de &#8216;Chicharito&#8217;, pues estar\u00eda dispuesto a desembolsar la cl\u00e1usula de rescisi\u00f3n del atacante azteca que es de 15 millones de euros.<\/p>\n","protected":false},"excerpt":{"rendered":"<p>Todos quieren a &#8216;Chicharito&#8217; <\/p>\n","protected":false},"author":20,"featured_media":484260,"comment_status":"closed","ping_status":"closed","sticky":false,"template":"","format":"standard","meta":[],"categories":[3839,6718],"tags":[4335,120,549],"_links":{"self":[{"href":"http:\/\/desarrollo.grupomedios.com\/futbol\/wp-json\/wp\/v2\/posts\/488989"}],"collection":[{"href":"http:\/\/desarrollo.grupomedios.com\/futbol\/wp-json\/wp\/v2\/posts"}],"about":[{"href":"http:\/\/desarrollo.grupomedios.com\/futbol\/wp-json\/wp\/v2\/types\/post"}],"author":[{"embeddable":true,"href":"http:\/\/desarrollo.grupomedios.com\/futbol\/wp-json\/wp\/v2\/users\/20"}],"replies":[{"embeddable":true,"href":"http:\/\/desarrollo.grupomedios.com\/futbol\/wp-json\/wp\/v2\/comments?post=488989"}],"version-history":[{"count":2,"href":"http:\/\/desarrollo.grupomedios.com\/futbol\/wp-json\/wp\/v2\/posts\/488989\/revisions"}],"predecessor-version":[{"id":488992,"href":"http:\/\/desarrollo.grupomedios.com\/futbol\/wp-json\/wp\/v2\/posts\/488989\/revisions\/488992"}],"wp:featuredmedia":[{"embeddable":true,"href":"http:\/\/desarrollo.grupomedios.com\/futbol\/wp-json\/wp\/v2\/media\/484260"}],"wp:attachment":[{"href":"http:\/\/desarrollo.grupomedios.com\/futbol\/wp-json\/wp\/v2\/media?parent=488989"}],"wp:term":[{"taxonomy":"category","embeddable":true,"href":"http:\/\/desarrollo.grupomedios.com\/futbol\/wp-json\/wp\/v2\/categories?post=488989"},{"taxonomy":"post_tag","embeddable":true,"href":"http:\/\/desarrollo.grupomedios.com\/futbol\/wp-json\/wp\/v2\/tags?post=488989"}],"curies":[{"name":"wp","href":"https:\/\/api.w.org\/{rel}","templated":true}]}}