{"id":488990,"date":"2017-07-18T13:38:45","date_gmt":"2017-07-18T18:38:45","guid":{"rendered":"https:\/\/www.futboltotal.com.mx\/?p=488990"},"modified":"2017-07-18T13:39:12","modified_gmt":"2017-07-18T18:39:12","slug":"giovani-dos-santos-convocado-jugar-vs-real-madrid","status":"publish","type":"post","link":"http:\/\/desarrollo.grupomedios.com\/futbol\/futbol-internacional\/giovani-dos-santos-convocado-jugar-vs-real-madrid\/2017\/07","title":{"rendered":"Giovani dos Santos, convocado para jugar vs Real Madrid"},"content":{"rendered":"<p>La <strong>Major League Soccer<\/strong> (MLS) disputar\u00e1 un partido ante el <strong>Real Madrid<\/strong> y entre los convocados para jugar este encuentro, estar\u00e1 el mexicano del <strong>LA Galaxy<\/strong>.<\/p>\n<p>El 2 de agosto, ser\u00e1 la cita para que <strong>Giovani Dos Santos<\/strong>, junto a las estrellas de la <strong>MLS<\/strong>, enfrenten al <strong>Real Madrid<\/strong>.<\/p>\n<p style=\"text-align: center;\"><span style=\"color: #333399;\"><a style=\"color: #333399;\" href=\"https:\/\/www.futboltotal.com.mx\/2017\/07\/andres-guardado-estrena-nuevo-jersey-atlas\/\" target=\"_blank\" rel=\"noopener noreferrer\">VER M\u00c1S: Andr\u00e9s Guardado estrena el nuevo jersey de Atlas<\/a><\/span><\/p>\n<p>Como parte del cotejo estar\u00e1n; <strong>David Villa, Sebasti\u00e1n Giovinco, Bastian Schweinsteiger y Kak\u00e1<\/strong>,\u00a0quienes fueron elegidos por la afici\u00f3n para disputar el encuentro.<\/p>\n<p><strong>Dos Santos<\/strong>, se suma como parte de los elegidos por los entrenadores, donde tambi\u00e9n fueron elegidos\u00a0<strong>Pablo Piatti, Jozy Altidore<\/strong>.<\/p>\n<blockquote class=\"twitter-tweet\" data-lang=\"es\">\n<p dir=\"ltr\" lang=\"en\">Fan XI \u2611\ufe0f<br \/>\nCoach\u2019s Picks \u2611\ufe0f<br \/>\nCommissioner&#8217;s Picks \u2611\ufe0f<\/p>\n<p>Presenting the 2017 <a href=\"https:\/\/twitter.com\/hashtag\/MLSAllStar?src=hash\">#MLSAllStar<\/a> Team! \/\/ <a href=\"https:\/\/twitter.com\/Target\">@Target<\/a> <a href=\"https:\/\/t.co\/SSnh5qn5Sv\">pic.twitter.com\/SSnh5qn5Sv<\/a><\/p>\n<p>\u2014 Major League Soccer (@MLS) <a href=\"https:\/\/twitter.com\/MLS\/status\/887357508632944641\">18 de julio de 2017<\/a><\/p><\/blockquote>\n<p><script async src=\"\/\/platform.twitter.com\/widgets.js\" charset=\"utf-8\"><\/script><\/p>\n<p><strong>Giovani dos Santos<\/strong> sabe lo que es anotarle al <strong>Real Madrid<\/strong>, con el <strong>Villarreal<\/strong> pudo romper las redes madridistas en dos ocasiones en a\u00f1os consecutivos, en 2013 y 2014, el \u00faltimo un buen tiro libre por parte del mexicano.<\/p>\n<p style=\"text-align: center;\"><span style=\"color: #333399;\"><a style=\"color: #333399;\" href=\"https:\/\/www.futboltotal.com.mx\/2017\/07\/dos-canteranos-cruz-azul-se-van-al-futbol-espana\/\" target=\"_blank\" rel=\"noopener noreferrer\">VER M\u00c1S: Dos canteranos de Cruz Azul se van al futbol de Espa\u00f1a<\/a><\/span><\/p>\n<p><iframe loading=\"lazy\" src=\"https:\/\/www.youtube.com\/embed\/elSsZccyCFE?feature=oembed\" frameborder=\"0\" allowfullscreen><\/iframe><\/p>\n<p><iframe loading=\"lazy\" src=\"https:\/\/www.youtube.com\/embed\/8l_erZi-_Z0?feature=oembed\" frameborder=\"0\" allowfullscreen><\/iframe><\/p>\n","protected":false},"excerpt":{"rendered":"<p>El mediocampista mexicano se col\u00f3 en la lista que enfrentar\u00e1 al cuadro merengue el pr\u00f3ximo 2 de agosto<\/p>\n","protected":false},"author":20,"featured_media":427113,"comment_status":"closed","ping_status":"closed","sticky":false,"template":"","format":"standard","meta":[],"categories":[3839],"tags":[5982,1098,195,5988,2607],"_links":{"self":[{"href":"http:\/\/desarrollo.grupomedios.com\/futbol\/wp-json\/wp\/v2\/posts\/488990"}],"collection":[{"href":"http:\/\/desarrollo.grupomedios.com\/futbol\/wp-json\/wp\/v2\/posts"}],"about":[{"href":"http:\/\/desarrollo.grupomedios.com\/futbol\/wp-json\/wp\/v2\/types\/post"}],"author":[{"embeddable":true,"href":"http:\/\/desarrollo.grupomedios.com\/futbol\/wp-json\/wp\/v2\/users\/20"}],"replies":[{"embeddable":true,"href":"http:\/\/desarrollo.grupomedios.com\/futbol\/wp-json\/wp\/v2\/comments?post=488990"}],"version-history":[{"count":2,"href":"http:\/\/desarrollo.grupomedios.com\/futbol\/wp-json\/wp\/v2\/posts\/488990\/revisions"}],"predecessor-version":[{"id":488995,"href":"http:\/\/desarrollo.grupomedios.com\/futbol\/wp-json\/wp\/v2\/posts\/488990\/revisions\/488995"}],"wp:featuredmedia":[{"embeddable":true,"href":"http:\/\/desarrollo.grupomedios.com\/futbol\/wp-json\/wp\/v2\/media\/427113"}],"wp:attachment":[{"href":"http:\/\/desarrollo.grupomedios.com\/futbol\/wp-json\/wp\/v2\/media?parent=488990"}],"wp:term":[{"taxonomy":"category","embeddable":true,"href":"http:\/\/desarrollo.grupomedios.com\/futbol\/wp-json\/wp\/v2\/categories?post=488990"},{"taxonomy":"post_tag","embeddable":true,"href":"http:\/\/desarrollo.grupomedios.com\/futbol\/wp-json\/wp\/v2\/tags?post=488990"}],"curies":[{"name":"wp","href":"https:\/\/api.w.org\/{rel}","templated":true}]}}