{"id":488993,"date":"2017-07-18T13:40:22","date_gmt":"2017-07-18T18:40:22","guid":{"rendered":"https:\/\/www.futboltotal.com.mx\/?p=488993"},"modified":"2017-07-18T13:40:22","modified_gmt":"2017-07-18T18:40:22","slug":"oficial-mexico-no-tendra-refuerzos-en-copa-oro","status":"publish","type":"post","link":"http:\/\/desarrollo.grupomedios.com\/futbol\/destacado-home\/oficial-mexico-no-tendra-refuerzos-en-copa-oro\/2017\/07","title":{"rendered":"OFICIAL: M\u00e9xico no tendr\u00e1 refuerzos en Copa Oro"},"content":{"rendered":"<p>A trav\u00e9s de un comunicado oficial, la <a href=\"https:\/\/www.futboltotal.com.mx\/2017\/07\/liga-mx-buscara-erradicar-el-grito-homofobico\/\" target=\"_blank\" rel=\"noopener noreferrer\"><span style=\"color: #333399;\"><strong>Federaci\u00f3n Mexicana de Futbol<\/strong><\/span><\/a> (FMF) confirm\u00f3 que la <a href=\"https:\/\/www.futboltotal.com.mx\/2017\/07\/clubes-niegan-jugadores-para-reforzar-a-mexico-en-copa-oro\/\" target=\"_blank\" rel=\"noopener noreferrer\"><span style=\"color: #333399;\"><strong>Selecci\u00f3n Mexicana<\/strong><\/span><\/a> que se encuentra disputando la <a href=\"https:\/\/www.futboltotal.com.mx\/2017\/07\/definidos-los-cuartos-final-la-copa-oro\/\" target=\"_blank\" rel=\"noopener noreferrer\"><span style=\"color: #333399;\"><strong>Copa Oro<\/strong><\/span><\/a> no tendr\u00e1 refuerzos, decisi\u00f3n que obedece a un acuerdo alcanzado entre la <strong>Direcci\u00f3n de Selecciones Nacionales<\/strong> y los clubes de <strong>Primera Divisi\u00f3n<\/strong>.<\/p>\n<p style=\"text-align: center;\"><a href=\"https:\/\/www.futboltotal.com.mx\/2017\/07\/bayer-acepto-que-tiene-ofertas-por-chicharito\/\" target=\"_blank\" rel=\"noopener noreferrer\"><span style=\"color: #333399;\">VER M\u00c1S:\u00a0Bayer admite que tiene ofertas por Chicharito<\/span><\/a><\/p>\n<p>\u201cLa Federaci\u00f3n Mexicana de Futbol informa que no habr\u00e1 modificaciones en el listado original de jugadores registrados por la Selecci\u00f3n Nacional de M\u00e9xico para la Copa Oro CONCACAF 2017\u201d.<\/p>\n<p>\u201cLa FMF y la Direcci\u00f3n de Selecciones Nacionales acord\u00f3, previamente con los clubes, que habr\u00eda solamente un selecci\u00f3n dividida en dos grupos, la que particip\u00f3 en la Coda FIFA Confederaciones y la que se encuentra activa en Copa Oro CONCACAF, y que los jugadores no repetir\u00edan torneo a menos que el club del jugador considerado permitiera dicha inscripci\u00f3n\u201d, versa el comunicado.<\/p>\n<p style=\"text-align: center;\"><a href=\"https:\/\/www.futboltotal.com.mx\/2017\/07\/andres-guardado-estrena-nuevo-jersey-atlas\/\" target=\"_blank\" rel=\"noopener noreferrer\"><span style=\"color: #333399;\">VER M\u00c1S:\u00a0Andr\u00e9s Guardado estrena el nuevo jersey de Atlas<\/span><\/a><\/p>\n<p>Horas atr\u00e1s se dio a conocer que <a href=\"https:\/\/www.futboltotal.com.mx\/2017\/07\/juan-carlos-osorio-pidio-a-los-jugadores-del-tri-ir-a-la-mls\/\" target=\"_blank\" rel=\"noopener noreferrer\"><span style=\"color: #333399;\"><strong>Juan Carlos Osorio<\/strong><\/span><\/a> ten\u00eda en mente incorporar a <strong><a href=\"https:\/\/www.futboltotal.com.mx\/2017\/07\/jurgen-damm-dejaria-tigres-ir-a-la-lazio\/\" target=\"_blank\" rel=\"noopener noreferrer\"><span style=\"color: #333399;\">J\u00fcrgen Damm<\/span><\/a>, Rodolfo Cota<\/strong> y <a href=\"https:\/\/www.futboltotal.com.mx\/2017\/06\/oribe-peralta-maximo-goleador-en-activo-liga-mx\/\" target=\"_blank\" rel=\"noopener noreferrer\"><span style=\"color: #333399;\"><strong>Oribe Peralta<\/strong><\/span><\/a>; sin embargo, trascendi\u00f3 que ni <a href=\"https:\/\/www.futboltotal.com.mx\/2017\/07\/tigres-cerca-de-amarrar-a-jugador-del-atletico-nacional\/\" target=\"_blank\" rel=\"noopener noreferrer\"><span style=\"color: #333399;\"><strong>Tigres<\/strong><\/span><\/a> ni <a href=\"https:\/\/www.futboltotal.com.mx\/2017\/07\/nike-presenta-uniforme-visita-del-america\/\" target=\"_blank\" rel=\"noopener noreferrer\"><span style=\"color: #333399;\"><strong>Am\u00e9rica<\/strong><\/span><\/a> prestar\u00edan a sus jugadores, mientras que en el caso de Cota se ve\u00eda muy lejana la posibilidad ante las numerosas bajas de <strong><a href=\"https:\/\/www.futboltotal.com.mx\/2017\/07\/chivas-arrancara-apertura-2017-con-hasta-siete-bajas\/\" target=\"_blank\" rel=\"noopener noreferrer\"><span style=\"color: #333399;\">Chivas<\/span><\/a>.<\/strong><\/p>\n<p>&nbsp;<\/p>\n<blockquote class=\"twitter-tweet\" data-lang=\"es\">\n<p dir=\"ltr\" lang=\"es\">La FMF Informa en Relaci\u00f3n al Registro de Jugadores Nuevos a Copa Oro 2017 <a href=\"https:\/\/t.co\/55l2Dxni3K\">https:\/\/t.co\/55l2Dxni3K<\/a> <a href=\"https:\/\/t.co\/WdPfl7eWwY\">pic.twitter.com\/WdPfl7eWwY<\/a><\/p>\n<p>\u2014 FEMEXFUT (@FMF) <a href=\"https:\/\/twitter.com\/FMF\/status\/887149815536259072\">18 de julio de 2017<\/a><\/p><\/blockquote>\n<p><script async src=\"\/\/platform.twitter.com\/widgets.js\" charset=\"utf-8\"><\/script><\/p>\n","protected":false},"excerpt":{"rendered":"<p>OFICIAL: M\u00e9xico no tendr\u00e1 refuerzos<\/p>\n","protected":false},"author":20,"featured_media":488320,"comment_status":"closed","ping_status":"closed","sticky":false,"template":"","format":"standard","meta":[],"categories":[3938,5,3839,2198,3847],"tags":[],"_links":{"self":[{"href":"http:\/\/desarrollo.grupomedios.com\/futbol\/wp-json\/wp\/v2\/posts\/488993"}],"collection":[{"href":"http:\/\/desarrollo.grupomedios.com\/futbol\/wp-json\/wp\/v2\/posts"}],"about":[{"href":"http:\/\/desarrollo.grupomedios.com\/futbol\/wp-json\/wp\/v2\/types\/post"}],"author":[{"embeddable":true,"href":"http:\/\/desarrollo.grupomedios.com\/futbol\/wp-json\/wp\/v2\/users\/20"}],"replies":[{"embeddable":true,"href":"http:\/\/desarrollo.grupomedios.com\/futbol\/wp-json\/wp\/v2\/comments?post=488993"}],"version-history":[{"count":1,"href":"http:\/\/desarrollo.grupomedios.com\/futbol\/wp-json\/wp\/v2\/posts\/488993\/revisions"}],"predecessor-version":[{"id":488996,"href":"http:\/\/desarrollo.grupomedios.com\/futbol\/wp-json\/wp\/v2\/posts\/488993\/revisions\/488996"}],"wp:featuredmedia":[{"embeddable":true,"href":"http:\/\/desarrollo.grupomedios.com\/futbol\/wp-json\/wp\/v2\/media\/488320"}],"wp:attachment":[{"href":"http:\/\/desarrollo.grupomedios.com\/futbol\/wp-json\/wp\/v2\/media?parent=488993"}],"wp:term":[{"taxonomy":"category","embeddable":true,"href":"http:\/\/desarrollo.grupomedios.com\/futbol\/wp-json\/wp\/v2\/categories?post=488993"},{"taxonomy":"post_tag","embeddable":true,"href":"http:\/\/desarrollo.grupomedios.com\/futbol\/wp-json\/wp\/v2\/tags?post=488993"}],"curies":[{"name":"wp","href":"https:\/\/api.w.org\/{rel}","templated":true}]}}