{"id":489018,"date":"2017-07-18T15:04:03","date_gmt":"2017-07-18T20:04:03","guid":{"rendered":"https:\/\/www.futboltotal.com.mx\/?p=489018"},"modified":"2017-07-18T15:04:03","modified_gmt":"2017-07-18T20:04:03","slug":"me-halaga-que-me-comparen-con-riquelme-edwin-cardona","status":"publish","type":"post","link":"http:\/\/desarrollo.grupomedios.com\/futbol\/futbol-mexicano\/me-halaga-que-me-comparen-con-riquelme-edwin-cardona\/2017\/07","title":{"rendered":"&#8220;Me halaga que me comparen con Riquelme&#8221;: Edwin Cardona"},"content":{"rendered":"<p><a href=\"https:\/\/www.futboltotal.com.mx\/2017\/07\/edwin-cardona-se-entrena-via-skype-para-fichar-con-boca-juniors\/\" target=\"_blank\" rel=\"noopener noreferrer\"><span style=\"color: #333399;\"><strong>Edwin Cardona<\/strong><\/span><\/a> lleg\u00f3 a <strong>Buenos Aires<\/strong> para incorporarse a <a href=\"https:\/\/www.futboltotal.com.mx\/2017\/07\/boca-juniors-ya-habria-ofertado-edwin-cardona\/\" target=\"_blank\" rel=\"noopener noreferrer\"><span style=\"color: #333399;\"><strong>Boca Juniors<\/strong> <\/span><\/a>y asegur\u00f3 que se siente halagado, pero no se puede comparar con <a href=\"https:\/\/www.futboltotal.com.mx\/2016\/10\/juan-roman-riquelme-propone-argentina-juegue-en-la-bombonera\/\" target=\"_blank\" rel=\"noopener noreferrer\"><span style=\"color: #333399;\"><strong>Juan Rom\u00e1n Riquelme<\/strong><\/span><\/a>, ya que el palmar\u00e9s de uno y otro es totalmente desigual.<\/p>\n<p style=\"text-align: center;\"><a href=\"https:\/\/www.futboltotal.com.mx\/2017\/07\/toluca-tendra-refuerzo-proveniente-jaguares\/\" target=\"_blank\" rel=\"noopener noreferrer\"><span style=\"color: #333399;\">VER M\u00c1S:\u00a0Toluca tendr\u00e1 refuerzo proveniente de Jaguares<\/span><\/a><\/p>\n<p>El exjugador de <em>Rayados<\/em> de <a href=\"https:\/\/www.futboltotal.com.mx\/2017\/07\/monterrey-oficializa-el-traspaso-de-cardona-a-boca-juniors\/\" target=\"_blank\" rel=\"noopener noreferrer\"><span style=\"color: #333399;\"><strong>Monterrey<\/strong><\/span><\/a> se mostr\u00f3 conforme por ser comparado con uno de los m\u00e1ximos \u00eddolos del cuadro <em>Boquense<\/em>.<\/p>\n<p>El colombiano lleg\u00f3 a pr\u00e9stamos por los pr\u00f3ximos 12 meses, con la opci\u00f3n a alargar la cesi\u00f3n por seis meses m\u00e1s, en caso de que los pupilos de <strong>Guillermo Barros Schelotto<\/strong> sigan con vida en la <strong>Copa Libertadores<\/strong>.<\/p>\n<p style=\"text-align: center;\"><a href=\"https:\/\/www.futboltotal.com.mx\/2017\/07\/jugador-de-curazao-ficha-con-el-everton-de-la-premier-league\/\" target=\"_blank\" rel=\"noopener noreferrer\"><span style=\"color: #333399;\">VER M\u00c1S:\u00a0De Curazao a Inglaterra, jugador caribe\u00f1o ficha con el Everton<\/span><\/a><\/p>\n<blockquote class=\"twitter-video\" data-lang=\"es\">\n<p dir=\"ltr\" lang=\"es\">La palabra de Edwin Cardona, tercer refuerzo de <a href=\"https:\/\/twitter.com\/hashtag\/Boca?src=hash\">#Boca<\/a>.&#x1f1e8;&#x1f1f4;&#x1f1fa;&#x1f1e6;<a href=\"https:\/\/twitter.com\/Sportia\">@Sportia<\/a> <a href=\"https:\/\/t.co\/ZjWKQwQ1KN\">pic.twitter.com\/ZjWKQwQ1KN<\/a><\/p>\n<p>\u2014 Sector Bostero (@SectorBostero) <a href=\"https:\/\/twitter.com\/SectorBostero\/status\/887316231065391104\">18 de julio de 2017<\/a><\/p><\/blockquote>\n<p><script async src=\"\/\/platform.twitter.com\/widgets.js\" charset=\"utf-8\"><\/script><\/p>\n","protected":false},"excerpt":{"rendered":"<p>Edwin Cardona se siente halagado que lo comparen con un \u00eddolo de Boca<\/p>\n","protected":false},"author":20,"featured_media":484322,"comment_status":"closed","ping_status":"closed","sticky":false,"template":"","format":"standard","meta":[],"categories":[3839,2198,3845],"tags":[1683,6133,9182,1240,5966],"_links":{"self":[{"href":"http:\/\/desarrollo.grupomedios.com\/futbol\/wp-json\/wp\/v2\/posts\/489018"}],"collection":[{"href":"http:\/\/desarrollo.grupomedios.com\/futbol\/wp-json\/wp\/v2\/posts"}],"about":[{"href":"http:\/\/desarrollo.grupomedios.com\/futbol\/wp-json\/wp\/v2\/types\/post"}],"author":[{"embeddable":true,"href":"http:\/\/desarrollo.grupomedios.com\/futbol\/wp-json\/wp\/v2\/users\/20"}],"replies":[{"embeddable":true,"href":"http:\/\/desarrollo.grupomedios.com\/futbol\/wp-json\/wp\/v2\/comments?post=489018"}],"version-history":[{"count":1,"href":"http:\/\/desarrollo.grupomedios.com\/futbol\/wp-json\/wp\/v2\/posts\/489018\/revisions"}],"predecessor-version":[{"id":489025,"href":"http:\/\/desarrollo.grupomedios.com\/futbol\/wp-json\/wp\/v2\/posts\/489018\/revisions\/489025"}],"wp:featuredmedia":[{"embeddable":true,"href":"http:\/\/desarrollo.grupomedios.com\/futbol\/wp-json\/wp\/v2\/media\/484322"}],"wp:attachment":[{"href":"http:\/\/desarrollo.grupomedios.com\/futbol\/wp-json\/wp\/v2\/media?parent=489018"}],"wp:term":[{"taxonomy":"category","embeddable":true,"href":"http:\/\/desarrollo.grupomedios.com\/futbol\/wp-json\/wp\/v2\/categories?post=489018"},{"taxonomy":"post_tag","embeddable":true,"href":"http:\/\/desarrollo.grupomedios.com\/futbol\/wp-json\/wp\/v2\/tags?post=489018"}],"curies":[{"name":"wp","href":"https:\/\/api.w.org\/{rel}","templated":true}]}}