{"id":489030,"date":"2017-07-18T15:32:55","date_gmt":"2017-07-18T20:32:55","guid":{"rendered":"https:\/\/www.futboltotal.com.mx\/?p=489030"},"modified":"2017-07-18T15:46:23","modified_gmt":"2017-07-18T20:46:23","slug":"pachuca-presento-a-keisuke-honda-al-estilo-de-los-super-campeones","status":"publish","type":"post","link":"http:\/\/desarrollo.grupomedios.com\/futbol\/destacado-home\/pachuca-presento-a-keisuke-honda-al-estilo-de-los-super-campeones\/2017\/07","title":{"rendered":"Al estilo de los S\u00faper Campeones Pachuca present\u00f3 a Honda"},"content":{"rendered":"<p>Esta tarde fue presentado el plantel de los <em>Tuzos<\/em> del <a href=\"https:\/\/www.futboltotal.com.mx\/2017\/07\/pachuca-presenta-a-bomba-keisuke-honda\/\" target=\"_blank\" rel=\"noopener noreferrer\"><span style=\"color: #333399;\"><strong>Pachuca<\/strong><\/span><\/a> que disputar\u00e1 el <a href=\"https:\/\/www.futboltotal.com.mx\/2017\/07\/fmf-recuerda-a-los-suspendidos-inicio-del-apertura-2017\/\" target=\"_blank\" rel=\"noopener noreferrer\"><span style=\"color: #333399;\"><strong>Apertura 2017<\/strong><\/span><\/a> y el <strong>Mundial de Clubes<\/strong>, en las instalaciones de la <strong>Universidad del Futbol<\/strong>.<\/p>\n<p style=\"text-align: center;\"><a href=\"https:\/\/www.futboltotal.com.mx\/2017\/07\/ismael-sosa-esta-en-duda-arrancar-apertura-2017\/\" target=\"_blank\" rel=\"noopener noreferrer\"><span style=\"color: #333399;\">VER M\u00c1S:\u00a0Ismael Sosa est\u00e1 en duda para arrancar el Apertura 2017<\/span><\/a><\/p>\n<p>Durante la ceremonia de presentaci\u00f3n, <a href=\"https:\/\/www.futboltotal.com.mx\/2017\/06\/jesus-martinez-la-venta-del-chucky-transferencia-record\/\" target=\"_blank\" rel=\"noopener noreferrer\"><span style=\"color: #333399;\"><strong>Jes\u00fas Mart\u00ednez<\/strong><\/span><\/a>, due\u00f1o y presidente del equipo, asever\u00f3 que este equipo es el mejor en toda la historia del club hidalguense.<\/p>\n<p>\u201cHemos conformado el mejor plantel en la historia de la instituci\u00f3n y ahora tenemos que verlo que funcione. Cuando ganamos la final contra Tigres, nos reunimos y nos comprometimos para nuestra afici\u00f3n, para la afici\u00f3n que nos sigue a trav\u00e9s de todos los canales, como saben somos el equipo m\u00e1s visto de M\u00e9xico en Estados Unidos\u201d, declar\u00f3 el mandam\u00e1s de la escuadra de la Bella Airosa.<\/p>\n<p style=\"text-align: center;\"><a href=\"https:\/\/www.futboltotal.com.mx\/2017\/07\/me-halaga-que-me-comparen-con-riquelme-edwin-cardona\/\" target=\"_blank\" rel=\"noopener noreferrer\"><span style=\"color: #333399;\">VER M\u00c1S:\u00a0\u201cMe halaga que me comparen con Riquelme\u201d: Edwin Cardona<\/span><\/a><\/p>\n<p>En las instalaciones del <strong>Calero Center, Jes\u00fas Mart\u00ednez<\/strong> hizo la presentaci\u00f3n oficial de <strong>Joaqu\u00edn Mart\u00ednez, Robert Herrera, Germ\u00e1n Cano, <a href=\"https:\/\/www.futboltotal.com.mx\/2017\/07\/sagal-viajo-a-eua-con-pachuca-para-duelos-amistosos\/\" target=\"_blank\" rel=\"noopener noreferrer\"><span style=\"color: #333399;\">\u00c1ngelo Sagal<\/span><\/a><\/strong> y <a href=\"https:\/\/www.futboltotal.com.mx\/2017\/06\/pachuca-oficializo-la-llegada-edson-puch\/\" target=\"_blank\" rel=\"noopener noreferrer\"><span style=\"color: #333399;\"><strong>Edson Puch<\/strong><\/span><\/a>, adem\u00e1s del refuerzo &#8216;Bomba&#8217;, <span style=\"color: #333399;\"><strong><a href=\"https:\/\/www.futboltotal.com.mx\/2017\/07\/keisuke-honda-ya-reporto-con-pachuca\/\" target=\"_blank\" rel=\"noopener noreferrer\">Keisuke Honda<\/a>, <\/strong><span style=\"color: #000000;\">quien fue presentado al estilo de la serie nipona los <strong>S\u00faper Campeones.<\/strong><\/span><\/span><\/p>\n<p style=\"text-align: center;\"><a href=\"https:\/\/www.futboltotal.com.mx\/2017\/07\/james-rodriguez-ya-comienza-a-hablar-aleman\/\" target=\"_blank\" rel=\"noopener noreferrer\"><span style=\"color: #333399;\">VER M\u00c1S:\u00a0James Rodr\u00edguez ya comienza a hablar alem\u00e1n<\/span><\/a><\/p>\n<blockquote class=\"twitter-video\" data-lang=\"es\">\n<p dir=\"ltr\" lang=\"es\"><span style=\"color: #000000;\">AS\u00cd FUE PRESENTADO KEISUKE HONDA EN EL PACHUCA. &#x1f1ef;&#x1f1f5;\u26bd\ufe0f <a style=\"color: #000000;\" href=\"https:\/\/t.co\/12227pRJFs\">pic.twitter.com\/12227pRJFs<\/a><\/span><\/p>\n<p><span style=\"color: #000000;\">\u2014 F\u00fatbol Channel (@FCFutbolChannel) <a style=\"color: #000000;\" href=\"https:\/\/twitter.com\/FCFutbolChannel\/status\/887390726966923264\">18 de julio de 2017<\/a><\/span><\/p><\/blockquote>\n<p><script async src=\"\/\/platform.twitter.com\/widgets.js\" charset=\"utf-8\"><\/script><\/p>\n<p>&nbsp;<\/p>\n<blockquote class=\"twitter-video\" data-lang=\"es\">\n<p dir=\"ltr\" lang=\"es\">Las primeras palabras de Keisuke Honda como futbolista del Pachuca. Da gusto que lleguen futbolistas con esas ganas.<a href=\"https:\/\/t.co\/yKo2B2LA3b\">pic.twitter.com\/yKo2B2LA3b<\/a><\/p>\n<p>\u2014 Mario Riveretti (@RiverettiMX) <a href=\"https:\/\/twitter.com\/RiverettiMX\/status\/887382882637017088\">18 de julio de 2017<\/a><\/p><\/blockquote>\n<p><script async src=\"\/\/platform.twitter.com\/widgets.js\" charset=\"utf-8\"><\/script><\/p>\n<p>&nbsp;<\/p>\n<blockquote class=\"twitter-video\" data-lang=\"es\">\n<p dir=\"ltr\" lang=\"es\">Como cuando preparas tu discurso de presentaci\u00f3n una noche antes &#x1f604;&#x1f604;&#x1f604;<a href=\"https:\/\/twitter.com\/hashtag\/KeisukeHonda?src=hash\">#KeisukeHonda<\/a> <a href=\"https:\/\/twitter.com\/Tuzos\">@Tuzos<\/a> <a href=\"https:\/\/t.co\/IVbg35cQGN\">pic.twitter.com\/IVbg35cQGN<\/a><\/p>\n<p>\u2014 SanCadillaReforma (@SanCaReforma) <a href=\"https:\/\/twitter.com\/SanCaReforma\/status\/887394041473662977\">18 de julio de 2017<\/a><\/p><\/blockquote>\n<p><script async src=\"\/\/platform.twitter.com\/widgets.js\" charset=\"utf-8\"><\/script><\/p>\n","protected":false},"excerpt":{"rendered":"<p>Pachuca present\u00f3 al &#8220;mejor equipo equipo de la historia del club&#8221;<\/p>\n","protected":false},"author":20,"featured_media":489033,"comment_status":"closed","ping_status":"closed","sticky":false,"template":"","format":"standard","meta":[],"categories":[5,2198,3845],"tags":[8715,7454,654,6092,9429],"_links":{"self":[{"href":"http:\/\/desarrollo.grupomedios.com\/futbol\/wp-json\/wp\/v2\/posts\/489030"}],"collection":[{"href":"http:\/\/desarrollo.grupomedios.com\/futbol\/wp-json\/wp\/v2\/posts"}],"about":[{"href":"http:\/\/desarrollo.grupomedios.com\/futbol\/wp-json\/wp\/v2\/types\/post"}],"author":[{"embeddable":true,"href":"http:\/\/desarrollo.grupomedios.com\/futbol\/wp-json\/wp\/v2\/users\/20"}],"replies":[{"embeddable":true,"href":"http:\/\/desarrollo.grupomedios.com\/futbol\/wp-json\/wp\/v2\/comments?post=489030"}],"version-history":[{"count":3,"href":"http:\/\/desarrollo.grupomedios.com\/futbol\/wp-json\/wp\/v2\/posts\/489030\/revisions"}],"predecessor-version":[{"id":489036,"href":"http:\/\/desarrollo.grupomedios.com\/futbol\/wp-json\/wp\/v2\/posts\/489030\/revisions\/489036"}],"wp:featuredmedia":[{"embeddable":true,"href":"http:\/\/desarrollo.grupomedios.com\/futbol\/wp-json\/wp\/v2\/media\/489033"}],"wp:attachment":[{"href":"http:\/\/desarrollo.grupomedios.com\/futbol\/wp-json\/wp\/v2\/media?parent=489030"}],"wp:term":[{"taxonomy":"category","embeddable":true,"href":"http:\/\/desarrollo.grupomedios.com\/futbol\/wp-json\/wp\/v2\/categories?post=489030"},{"taxonomy":"post_tag","embeddable":true,"href":"http:\/\/desarrollo.grupomedios.com\/futbol\/wp-json\/wp\/v2\/tags?post=489030"}],"curies":[{"name":"wp","href":"https:\/\/api.w.org\/{rel}","templated":true}]}}