{"id":489049,"date":"2017-07-18T17:29:56","date_gmt":"2017-07-18T22:29:56","guid":{"rendered":"https:\/\/www.futboltotal.com.mx\/?p=489049"},"modified":"2017-07-18T17:29:56","modified_gmt":"2017-07-18T22:29:56","slug":"aguirre-influyo-en-el-fichaje-de-honda-con-pachuca","status":"publish","type":"post","link":"http:\/\/desarrollo.grupomedios.com\/futbol\/futbol-mexicano\/aguirre-influyo-en-el-fichaje-de-honda-con-pachuca\/2017\/07","title":{"rendered":"Javier Aguirre influy\u00f3 en el fichaje de Honda con Pachuca"},"content":{"rendered":"<p>El ext\u00e9cnico de la <strong><a href=\"https:\/\/www.futboltotal.com.mx\/2017\/07\/oficial-mexico-no-tendra-refuerzos-en-copa-oro\/\" target=\"_blank\" rel=\"noopener noreferrer\"><span style=\"color: #333399;\">Selecci\u00f3n Mexicana<\/span><\/a>, <a href=\"https:\/\/www.futboltotal.com.mx\/2017\/05\/javier-aguirre-gana-segundo-titulo-en-emiratos-arabes\/\" target=\"_blank\" rel=\"noopener noreferrer\"><span style=\"color: #333399;\">Javier Aguirre<\/span><\/a><\/strong>, habl\u00f3 con <a href=\"https:\/\/www.futboltotal.com.mx\/2017\/06\/jesus-martinez-la-venta-del-chucky-transferencia-record\/\" target=\"_blank\" rel=\"noopener noreferrer\"><span style=\"color: #333399;\"><strong>Jes\u00fas Mart\u00ednez<\/strong><\/span><\/a>, due\u00f1o de <a href=\"https:\/\/www.futboltotal.com.mx\/2017\/07\/pachuca-presento-a-keisuke-honda-al-estilo-de-los-super-campeones\/\" target=\"_blank\" rel=\"noopener noreferrer\"><span style=\"color: #333399;\"><strong>Pachuca<\/strong><\/span><\/a>, y le dio referencias sobre <a href=\"https:\/\/www.futboltotal.com.mx\/2017\/07\/keisuke-honda-ya-reporto-con-pachuca\/\" target=\"_blank\" rel=\"noopener noreferrer\"><span style=\"color: #333399;\"><strong>Keisuke Honda<\/strong><\/span><\/a>, jugador que dirigi\u00f3 por su paso por la <strong>Selecci\u00f3n de Jap\u00f3n<\/strong> en 2014.<\/p>\n<p style=\"text-align: center;\"><a href=\"https:\/\/www.futboltotal.com.mx\/2017\/07\/gignac-felicita-a-canterano-chivas\/\" target=\"_blank\" rel=\"noopener noreferrer\"><span style=\"color: #333399;\">VER M\u00c1S:\u00a0Gignac felicita a canterano de Chivas<\/span><\/a><\/p>\n<p>\u201cCuando Pachuca trata de traer un jugador exteriorizamos al m\u00e1ximo para que el margen de error sea el m\u00ednimo y tratamos de ver todas las alternativas. Para nosotros es significativo el aspecto humano, el aspecto de familia, el aspecto personal, valores, profesionalismo\u201d, declar\u00f3 <strong>Andr\u00e9s Fassi<\/strong>, vicepresidente deportivo de <em>Tuzos<\/em> para <strong>ESPN Digital.<\/strong><\/p>\n<p>\u201cFue un referente muy importante, habl\u00f3 Jes\u00fas Mart\u00ednez con Javier Aguirre, quien hab\u00eda sido el t\u00e9cnico en la Selecci\u00f3n de Jap\u00f3n. Nos habl\u00f3 muy bien y nos ayud\u00f3 a la decisi\u00f3n\u201d.<\/p>\n<p style=\"text-align: center;\"><a href=\"https:\/\/www.futboltotal.com.mx\/2017\/07\/antonio-cassano-iba-a-decir-adios-al-futbol-pero-se-arrepintio\/\" target=\"_blank\" rel=\"noopener noreferrer\"><span style=\"color: #333399;\">VER M\u00c1S:\u00a0Cassano se volvi\u00f3 loco, se va y no se va del futbol profesional<\/span><\/a><\/p>\n<p>As\u00ed mismo, declar\u00f3 que Honda acept\u00f3 llegar al futbol mexicano y principalmente a <strong>Pachuca<\/strong> porque lo sedujo que jugar\u00e1 el <span style=\"color: #333399;\"><a style=\"color: #333399;\" href=\"https:\/\/www.futboltotal.com.mx\/2017\/05\/pachuca-tendra-a-lainez-una-refuerzo-europeo-mundial-clubes\/\" target=\"_blank\" rel=\"noopener noreferrer\"><strong>Mundial de Clubes<\/strong><\/a><\/span> en diciembre, adem\u00e1s de la infraestructura con la que cuenta el club.<\/p>\n<p>Por \u00faltimo, <strong>Fassi<\/strong> afirm\u00f3 que el nip\u00f3n no ser\u00e1 de los mejores pagados en la <a href=\"https:\/\/www.futboltotal.com.mx\/2017\/07\/los-ganadores-del-balon-oro-liga-mx-2016-17\/\" target=\"_blank\" rel=\"noopener noreferrer\"><span style=\"color: #333399;\"><strong>Liga MX<\/strong><\/span><\/a>, ya que si el aspecto econ\u00f3mico lo hubiera antepuesto, <strong>Keisuke<\/strong> no habr\u00eda llegado a <strong>M\u00e9xico.<\/strong><\/p>\n<p style=\"text-align: center;\"><a href=\"https:\/\/www.futboltotal.com.mx\/2017\/07\/pachuca-presento-a-keisuke-honda-al-estilo-de-los-super-campeones\/\" target=\"_blank\" rel=\"noopener noreferrer\"><span style=\"color: #333399;\">VER M\u00c1S:\u00a0Al estilo de los S\u00faper Campeones Pachuca present\u00f3 a Honda<\/span><\/a><\/p>\n","protected":false},"excerpt":{"rendered":"<p>Javier Aguirre influy\u00f3 en el fichaje de Honda<\/p>\n","protected":false},"author":20,"featured_media":489053,"comment_status":"closed","ping_status":"closed","sticky":false,"template":"","format":"standard","meta":[],"categories":[2198,3845],"tags":[1878,548,6092,415,5968],"_links":{"self":[{"href":"http:\/\/desarrollo.grupomedios.com\/futbol\/wp-json\/wp\/v2\/posts\/489049"}],"collection":[{"href":"http:\/\/desarrollo.grupomedios.com\/futbol\/wp-json\/wp\/v2\/posts"}],"about":[{"href":"http:\/\/desarrollo.grupomedios.com\/futbol\/wp-json\/wp\/v2\/types\/post"}],"author":[{"embeddable":true,"href":"http:\/\/desarrollo.grupomedios.com\/futbol\/wp-json\/wp\/v2\/users\/20"}],"replies":[{"embeddable":true,"href":"http:\/\/desarrollo.grupomedios.com\/futbol\/wp-json\/wp\/v2\/comments?post=489049"}],"version-history":[{"count":1,"href":"http:\/\/desarrollo.grupomedios.com\/futbol\/wp-json\/wp\/v2\/posts\/489049\/revisions"}],"predecessor-version":[{"id":489054,"href":"http:\/\/desarrollo.grupomedios.com\/futbol\/wp-json\/wp\/v2\/posts\/489049\/revisions\/489054"}],"wp:featuredmedia":[{"embeddable":true,"href":"http:\/\/desarrollo.grupomedios.com\/futbol\/wp-json\/wp\/v2\/media\/489053"}],"wp:attachment":[{"href":"http:\/\/desarrollo.grupomedios.com\/futbol\/wp-json\/wp\/v2\/media?parent=489049"}],"wp:term":[{"taxonomy":"category","embeddable":true,"href":"http:\/\/desarrollo.grupomedios.com\/futbol\/wp-json\/wp\/v2\/categories?post=489049"},{"taxonomy":"post_tag","embeddable":true,"href":"http:\/\/desarrollo.grupomedios.com\/futbol\/wp-json\/wp\/v2\/tags?post=489049"}],"curies":[{"name":"wp","href":"https:\/\/api.w.org\/{rel}","templated":true}]}}