{"id":489057,"date":"2017-07-18T17:49:08","date_gmt":"2017-07-18T22:49:08","guid":{"rendered":"https:\/\/www.futboltotal.com.mx\/?p=489057"},"modified":"2017-07-18T17:49:59","modified_gmt":"2017-07-18T22:49:59","slug":"de-milagro-no-partieron-a-benedetto-en-practica-de-boca","status":"publish","type":"post","link":"http:\/\/desarrollo.grupomedios.com\/futbol\/futbol-internacional\/de-milagro-no-partieron-a-benedetto-en-practica-de-boca\/2017\/07","title":{"rendered":"Casi parten a Benedetto en pr\u00e1ctica de Boca"},"content":{"rendered":"<p><a href=\"https:\/\/www.futboltotal.com.mx\/2017\/07\/monterrey-oficializa-el-traspaso-de-cardona-a-boca-juniors\/\" target=\"_blank\" rel=\"noopener noreferrer\"><span style=\"color: #333399;\"><strong>Boca Juniors<\/strong><\/span><\/a> contin\u00faa con su preparaci\u00f3n de cara al arranque de la temporada 2017-18, y durante la pr\u00e1ctica del cuadro <em>Xeneize<\/em>, <a href=\"https:\/\/www.futboltotal.com.mx\/2017\/06\/dario-benedetto-regresa-a-mexico\/\" target=\"_blank\" rel=\"noopener noreferrer\"><span style=\"color: #333399;\"><strong>Dario Benedetto<\/strong><\/span><\/a> recibi\u00f3 una dura entrada de <strong>Leonardo Jara.<\/strong><\/p>\n<p style=\"text-align: center;\"><a href=\"https:\/\/www.futboltotal.com.mx\/2017\/07\/cruz-azul-ya-destino-joao-rojas\/\" target=\"_blank\" rel=\"noopener noreferrer\"><span style=\"color: #333399;\">VER M\u00c1S:\u00a0Cruz Azul ya tiene destino para Joao Rojas<\/span><\/a><\/p>\n<p>El zaguero quiso evitar la anotaci\u00f3n del &#8216;Pipa&#8217; pero se le olvid\u00f3 que se encontraba en una pr\u00e1ctica y fue con todo sobre el delantero argentino, propin\u00e1ndole tremenda patada a su compa\u00f1ero, hecho que encendi\u00f3 las alarmas de inmediato.<\/p>\n<p style=\"text-align: center;\"><a href=\"https:\/\/www.futboltotal.com.mx\/2017\/07\/morelia-a-olvidar-la-lucha-descenso\/\" target=\"_blank\" rel=\"noopener noreferrer\"><span style=\"color: #333399;\">VER M\u00c1S:\u00a0Morelia, a olvidar la lucha por el descenso<\/span><\/a><\/p>\n<p>Sin embargo, el propio club descart\u00f3 una posible lesi\u00f3n del artillero y asegur\u00f3 que todo qued\u00f3 en un golpe nada m\u00e1s, por lo que <strong>Benedetto<\/strong> trabajar\u00e1 al parejo de sus compa\u00f1eros.<\/p>\n<p style=\"text-align: center;\"><a href=\"https:\/\/www.futboltotal.com.mx\/2017\/07\/aguirre-influyo-en-el-fichaje-de-honda-con-pachuca\/\" target=\"_blank\" rel=\"noopener noreferrer\"><span style=\"color: #333399;\">VER M\u00c1S:\u00a0Javier Aguirre influy\u00f3 en el fichaje de Honda con Pachuca<\/span><\/a><\/p>\n<p><iframe loading=\"lazy\" src=\"https:\/\/www.youtube.com\/embed\/yk5tK0EJE5I?feature=oembed\" frameborder=\"0\" allowfullscreen><\/iframe><\/p>\n","protected":false},"excerpt":{"rendered":"<p>Benedetto encendi\u00f3 las alarmas en el cuadro Xeneize<\/p>\n","protected":false},"author":20,"featured_media":426325,"comment_status":"closed","ping_status":"closed","sticky":false,"template":"","format":"standard","meta":[],"categories":[5419,3839],"tags":[1683,3876,9432],"_links":{"self":[{"href":"http:\/\/desarrollo.grupomedios.com\/futbol\/wp-json\/wp\/v2\/posts\/489057"}],"collection":[{"href":"http:\/\/desarrollo.grupomedios.com\/futbol\/wp-json\/wp\/v2\/posts"}],"about":[{"href":"http:\/\/desarrollo.grupomedios.com\/futbol\/wp-json\/wp\/v2\/types\/post"}],"author":[{"embeddable":true,"href":"http:\/\/desarrollo.grupomedios.com\/futbol\/wp-json\/wp\/v2\/users\/20"}],"replies":[{"embeddable":true,"href":"http:\/\/desarrollo.grupomedios.com\/futbol\/wp-json\/wp\/v2\/comments?post=489057"}],"version-history":[{"count":2,"href":"http:\/\/desarrollo.grupomedios.com\/futbol\/wp-json\/wp\/v2\/posts\/489057\/revisions"}],"predecessor-version":[{"id":489063,"href":"http:\/\/desarrollo.grupomedios.com\/futbol\/wp-json\/wp\/v2\/posts\/489057\/revisions\/489063"}],"wp:featuredmedia":[{"embeddable":true,"href":"http:\/\/desarrollo.grupomedios.com\/futbol\/wp-json\/wp\/v2\/media\/426325"}],"wp:attachment":[{"href":"http:\/\/desarrollo.grupomedios.com\/futbol\/wp-json\/wp\/v2\/media?parent=489057"}],"wp:term":[{"taxonomy":"category","embeddable":true,"href":"http:\/\/desarrollo.grupomedios.com\/futbol\/wp-json\/wp\/v2\/categories?post=489057"},{"taxonomy":"post_tag","embeddable":true,"href":"http:\/\/desarrollo.grupomedios.com\/futbol\/wp-json\/wp\/v2\/tags?post=489057"}],"curies":[{"name":"wp","href":"https:\/\/api.w.org\/{rel}","templated":true}]}}