{"id":489066,"date":"2017-07-18T18:12:40","date_gmt":"2017-07-18T23:12:40","guid":{"rendered":"https:\/\/www.futboltotal.com.mx\/?p=489066"},"modified":"2017-07-18T18:12:40","modified_gmt":"2017-07-18T23:12:40","slug":"alanis-y-gallito-fuera-por-10-dias","status":"publish","type":"post","link":"http:\/\/desarrollo.grupomedios.com\/futbol\/destacado-home\/alanis-y-gallito-fuera-por-10-dias\/2017\/07","title":{"rendered":"Alan\u00eds y &#8216;Gallito&#8217; causar\u00e1n baja por 10 d\u00edas"},"content":{"rendered":"<p>Tras ser evaluados por el cuerpo m\u00e9dico de <a href=\"https:\/\/www.futboltotal.com.mx\/2017\/07\/chivas-tendra-una-dificil-defensa-campeonato\/\" target=\"_blank\" rel=\"noopener noreferrer\"><span style=\"color: #333399;\"><strong>Chivas<\/strong><\/span><\/a>, el &#8216;Reba\u00f1o Sagrado&#8217; dio a conocer que <a href=\"https:\/\/www.futboltotal.com.mx\/2017\/03\/alanis-pide-castigo-sambueza\/\" target=\"_blank\" rel=\"noopener noreferrer\"><span style=\"color: #333399;\"><strong>Oswaldo Alan\u00eds<\/strong><\/span><\/a> y el <a href=\"https:\/\/www.futboltotal.com.mx\/2017\/05\/gallito-vazquez-confeso-intimo-origen-apodo\/\" target=\"_blank\" rel=\"noopener noreferrer\"><strong><span style=\"color: #333399;\">&#8216;Gallito&#8217; V\u00e1zquez<\/span><\/strong><\/a> estar\u00e1n fuera por 10 d\u00edas debido a que presentan esguinces de primer grado en el tobillo izquierdo y derecho, respectivamente.<\/p>\n<p style=\"text-align: center;\"><a href=\"https:\/\/www.futboltotal.com.mx\/2017\/07\/rayados-va-potente-arsenal-titulo\/\" target=\"_blank\" rel=\"noopener noreferrer\"><span style=\"color: #333399;\">VER M\u00c1S:\u00a0Rayados va con su potente arsenal por el t\u00edtulo<\/span><\/a><\/p>\n<p>Ambos futbolistas abandonaron el terreno de juego en el duelo por el <a href=\"https:\/\/www.futboltotal.com.mx\/2017\/07\/en-vivo-online-tigres-vs-chivas-campeon-campeones-liga-mx\/\" target=\"_blank\" rel=\"noopener noreferrer\"><strong><span style=\"color: #333399;\">Campe\u00f3n de Campeones<\/span><\/strong><\/a> ante <a href=\"https:\/\/www.futboltotal.com.mx\/2017\/07\/tigres-se-impone-a-chivas-y-se-corona-bicampeon-del-campeon-de-campeones\/\" target=\"_blank\" rel=\"noopener noreferrer\"><span style=\"color: #333399;\"><strong>Tigres<\/strong><\/span><\/a> a consecuencia de una lesi\u00f3n.<\/p>\n<p>\u201cLos resultados de los estudios de Alan\u00f1is fueron satisfactorios, presenta un esguince de primer grado en su tobillo izquierdo, s\u00f3lo se observan edemas, el pron\u00f3stico para que regrese a las canchas es de aproximadamente 10 d\u00edas\u201d, dijo el m\u00e9dico Jes\u00fas Robles.<\/p>\n<p>\u201cDel &#8216;Gallo&#8217; es el mismo caso, tambi\u00e9n es un esguince de primer grado, pero en el tobillo derecho, y son las mismas condiciones de recuperaci\u00f3n\u201d, finaliz\u00f3.<\/p>\n<p style=\"text-align: center;\"><span style=\"color: #333399;\"><a style=\"color: #333399;\" href=\"https:\/\/www.futboltotal.com.mx\/2017\/07\/de-milagro-no-partieron-a-benedetto-en-practica-de-boca\/\" target=\"_blank\" rel=\"noopener noreferrer\">VER M\u00c1S:\u00a0Casi parten a Benedetto en pr\u00e1ctica de Boca<\/a><\/span><\/p>\n<p>Aunque parece complicado que vean acci\u00f3n en la <a href=\"https:\/\/www.futboltotal.com.mx\/2017\/06\/arbitros-desmienten-huelga-en-jornada-1-apertura-2017\/\" target=\"_blank\" rel=\"noopener noreferrer\"><span style=\"color: #333399;\"><strong>Jornada 1<\/strong><\/span><\/a>\u00a0del <a href=\"https:\/\/www.futboltotal.com.mx\/2017\/07\/fmf-recuerda-a-los-suspendidos-inicio-del-apertura-2017\/\" target=\"_blank\" rel=\"noopener noreferrer\"><span style=\"color: #333399;\"><strong>Apertura 2017<\/strong><\/span><\/a> ante <a href=\"https:\/\/www.futboltotal.com.mx\/2017\/07\/toluca-tendra-refuerzo-proveniente-jaguares\/\" target=\"_blank\" rel=\"noopener noreferrer\"><span style=\"color: #333399;\"><strong>Toluca<\/strong><\/span><\/a>, el cuerpo m\u00e9dico del conjunto <em>Rojiblanco<\/em>\u00a0no descart\u00f3 a ambos elementos.<\/p>\n","protected":false},"excerpt":{"rendered":"<p>Chivas mal y de malas para el Apertura 2017<\/p>\n","protected":false},"author":20,"featured_media":489068,"comment_status":"closed","ping_status":"closed","sticky":false,"template":"","format":"standard","meta":[],"categories":[5,2198,3845],"tags":[8357,70,6109,1420,2049],"_links":{"self":[{"href":"http:\/\/desarrollo.grupomedios.com\/futbol\/wp-json\/wp\/v2\/posts\/489066"}],"collection":[{"href":"http:\/\/desarrollo.grupomedios.com\/futbol\/wp-json\/wp\/v2\/posts"}],"about":[{"href":"http:\/\/desarrollo.grupomedios.com\/futbol\/wp-json\/wp\/v2\/types\/post"}],"author":[{"embeddable":true,"href":"http:\/\/desarrollo.grupomedios.com\/futbol\/wp-json\/wp\/v2\/users\/20"}],"replies":[{"embeddable":true,"href":"http:\/\/desarrollo.grupomedios.com\/futbol\/wp-json\/wp\/v2\/comments?post=489066"}],"version-history":[{"count":1,"href":"http:\/\/desarrollo.grupomedios.com\/futbol\/wp-json\/wp\/v2\/posts\/489066\/revisions"}],"predecessor-version":[{"id":489069,"href":"http:\/\/desarrollo.grupomedios.com\/futbol\/wp-json\/wp\/v2\/posts\/489066\/revisions\/489069"}],"wp:featuredmedia":[{"embeddable":true,"href":"http:\/\/desarrollo.grupomedios.com\/futbol\/wp-json\/wp\/v2\/media\/489068"}],"wp:attachment":[{"href":"http:\/\/desarrollo.grupomedios.com\/futbol\/wp-json\/wp\/v2\/media?parent=489066"}],"wp:term":[{"taxonomy":"category","embeddable":true,"href":"http:\/\/desarrollo.grupomedios.com\/futbol\/wp-json\/wp\/v2\/categories?post=489066"},{"taxonomy":"post_tag","embeddable":true,"href":"http:\/\/desarrollo.grupomedios.com\/futbol\/wp-json\/wp\/v2\/tags?post=489066"}],"curies":[{"name":"wp","href":"https:\/\/api.w.org\/{rel}","templated":true}]}}