{"id":489103,"date":"2017-07-19T09:03:44","date_gmt":"2017-07-19T14:03:44","guid":{"rendered":"https:\/\/www.futboltotal.com.mx\/?p=489103"},"modified":"2017-07-19T09:03:44","modified_gmt":"2017-07-19T14:03:44","slug":"andres-guardado-ya-entreno-betis-mostro-amor-atlas","status":"publish","type":"post","link":"http:\/\/desarrollo.grupomedios.com\/futbol\/futbol-mexicano\/andres-guardado-ya-entreno-betis-mostro-amor-atlas\/2017\/07","title":{"rendered":"Andr\u00e9s Guardado ya entren\u00f3 con Betis y mostr\u00f3 su amor por el Atlas"},"content":{"rendered":"<p class=\"DETALLE_N_titulo \"><span id=\"ctl14_lblMostra\">El centrocampista mexicano <strong>Andr\u00e9s Guardado<\/strong> se estren\u00f3 con la camiseta verdiblanca en las instalaciones del <strong>Real Betis<\/strong> y homenaje\u00f3 en las redes sociales su amor\u00a0por el <strong>Atlas<\/strong>, club\u00a0en el que empez\u00f3 y desde el que fue fichado por el <strong>Deportivo de la Coru\u00f1a<\/strong> hace ya una d\u00e9cada.<\/span><\/p>\n<p><strong>Guardado<\/strong>, quien ha firmado con el <strong>Betis<\/strong> hasta 2020 procedente del <strong>PSV Eindhoven<\/strong> holand\u00e9s, es una de las peticiones expresas del entrenador b\u00e9tico, Quique Seti\u00e9n, para ensamblar su proyecto, al que se ha incorporado tras una primera fase de la pretemporada b\u00e9tica por tener vacaciones por sus compromisos internacionales con <strong>M\u00e9xico<\/strong>.<\/p>\n<p style=\"text-align: center;\"><a href=\"https:\/\/www.futboltotal.com.mx\/2017\/07\/morelia-y-pirma-presentaron-la-piel-del-monarca\/\" target=\"_blank\" rel=\"noopener noreferrer\"><span style=\"color: #333399;\">VER M\u00c1S: Morelia y Pirma presentaron la nueva piel de Monarcas<\/span><\/a><\/p>\n<blockquote class=\"twitter-video\" data-lang=\"es\">\n<p dir=\"ltr\" lang=\"es\">\u00a1Mucha suerte, <a href=\"https:\/\/twitter.com\/AGuardado18\">@AGuardado18<\/a>! &#x1f4aa;&#x1f49a; \u00a1Tus \u00e9xitos ser\u00e1n los nuestros! &#x1f609; <a href=\"https:\/\/t.co\/SkLUBgvdnc\">pic.twitter.com\/SkLUBgvdnc<\/a><\/p>\n<p>\u2014 Real Betis Balompi\u00e9 (@RealBetis) <a href=\"https:\/\/twitter.com\/RealBetis\/status\/887658293300043776\">19 de julio de 2017<\/a><\/p><\/blockquote>\n<p><script async src=\"\/\/platform.twitter.com\/widgets.js\" charset=\"utf-8\"><\/script><\/p>\n<p>Durante una concentraci\u00f3n con la <strong>Selecci\u00f3n Mexicana<\/strong>, el internacional mexicano recibi\u00f3 el regalo de la camiseta del equipo tapat\u00edo, la bes\u00f3 y le expres\u00f3 la fidelidad al club en el que empez\u00f3 su carrera, que tambi\u00e9n ha colgado en su cuenta oficial de twitter el siguiente mensaje: &#8216;\u00a1Siempre Rojinegro!\u00a1Nuestro canterano @AGuardado18 ya porta la nueva piel de los <em>Zorros<\/em>&#8216;.<\/p>\n<blockquote class=\"twitter-video\" data-lang=\"es\">\n<p dir=\"ltr\" lang=\"es\">\u00a1Gracias por mi regalo <a href=\"https:\/\/twitter.com\/adidasMX\">@adidasmx<\/a> y <a href=\"https:\/\/twitter.com\/atlas\">@atlas<\/a>.fc ! Se rifaron con la playera &#x1f534;\u26ab \u00a1Mucho \u00e9xito! <a href=\"https:\/\/twitter.com\/hashtag\/micasa?src=hash\">#micasa<\/a> <a href=\"https:\/\/twitter.com\/hashtag\/atlas?src=hash\">#atlas<\/a> <a href=\"https:\/\/t.co\/e0knrwIxHe\">pic.twitter.com\/e0knrwIxHe<\/a><\/p>\n<p>\u2014 Andr\u00e9s Guardado (@AGuardado18) <a href=\"https:\/\/twitter.com\/AGuardado18\/status\/887538707468832770\">19 de julio de 2017<\/a><\/p><\/blockquote>\n<p><script async src=\"\/\/platform.twitter.com\/widgets.js\" charset=\"utf-8\"><\/script><\/p>\n<p><strong>Andr\u00e9s Guardado<\/strong>, de 30 a\u00f1os, ha regresado a la Liga espa\u00f1ola diez a\u00f1os despu\u00e9s de haber llegado al <strong>Deportivo de La Coru\u00f1a<\/strong> procedente del <strong>Atlas<\/strong> de Guadalajara, tras lo que jug\u00f3 posteriormente en el <strong>Valencia<\/strong> antes de fichar por el <strong>Bayer Leverkusen<\/strong> alem\u00e1n.<\/p>\n<p style=\"text-align: center;\"><a href=\"https:\/\/www.futboltotal.com.mx\/2017\/07\/alanis-y-gallito-fuera-por-10-dias\/\" target=\"_blank\" rel=\"noopener noreferrer\"><span style=\"color: #333399;\">VER M\u00c1S: Chivas suma dos bajas m\u00e1s a d\u00edas de arrancar el Apertura 2017<\/span><\/a><\/p>\n<p>El <em>Principito<\/em>, quien ha disputado tres Mundiales con la selecci\u00f3n de <strong>M\u00e9xico<\/strong>, destac\u00f3 en su presentaci\u00f3n que se decant\u00f3 por el club b\u00e9tico por la ambici\u00f3n de su proyecto y porque quer\u00eda &#8220;regresar a un nivel de competencia m\u00e1s alto que el que ten\u00eda en el <strong>PSV<\/strong>, con todo el respeto y agradecimiento&#8221; a ese equipo.<\/p>\n<p>&#8220;Quiero estar al m\u00e1ximo nivel que pueda. Como ya saben, voy a por mi cuarto <strong>Mundial<\/strong> y quiero estar a buen nivel. \u00bfQu\u00e9 mejor que hacerlo en la mejor liga del mundo? El <strong>Betis<\/strong> me lo ofreci\u00f3 y por eso estoy aqu\u00ed&#8221;&#8221;, subray\u00f3 el mediocampista mexicano.<\/p>\n<div id=\"texto\" class=\"texto_txt\" style=\"text-align: center;\"><a href=\"https:\/\/www.futboltotal.com.mx\/2017\/07\/cruz-azul-ya-destino-joao-rojas\/\" target=\"_blank\" rel=\"noopener noreferrer\"><span style=\"color: #333399;\">VER M\u00c1S: \u00a0Cruz Azul ya tiene el nuevo destino de Joao Rojas<\/span><\/a><\/div>\n","protected":false},"excerpt":{"rendered":"<p>El Principito se mantiene fiel a los Rojinegros, incluso en su estreno con los b\u00e9ticos.<\/p>\n","protected":false},"author":144,"featured_media":487349,"comment_status":"closed","ping_status":"closed","sticky":false,"template":"","format":"standard","meta":[],"categories":[5419,3839,2198,3844,3845,6718],"tags":[6046,5961,1804,3224],"_links":{"self":[{"href":"http:\/\/desarrollo.grupomedios.com\/futbol\/wp-json\/wp\/v2\/posts\/489103"}],"collection":[{"href":"http:\/\/desarrollo.grupomedios.com\/futbol\/wp-json\/wp\/v2\/posts"}],"about":[{"href":"http:\/\/desarrollo.grupomedios.com\/futbol\/wp-json\/wp\/v2\/types\/post"}],"author":[{"embeddable":true,"href":"http:\/\/desarrollo.grupomedios.com\/futbol\/wp-json\/wp\/v2\/users\/144"}],"replies":[{"embeddable":true,"href":"http:\/\/desarrollo.grupomedios.com\/futbol\/wp-json\/wp\/v2\/comments?post=489103"}],"version-history":[{"count":1,"href":"http:\/\/desarrollo.grupomedios.com\/futbol\/wp-json\/wp\/v2\/posts\/489103\/revisions"}],"predecessor-version":[{"id":489106,"href":"http:\/\/desarrollo.grupomedios.com\/futbol\/wp-json\/wp\/v2\/posts\/489103\/revisions\/489106"}],"wp:featuredmedia":[{"embeddable":true,"href":"http:\/\/desarrollo.grupomedios.com\/futbol\/wp-json\/wp\/v2\/media\/487349"}],"wp:attachment":[{"href":"http:\/\/desarrollo.grupomedios.com\/futbol\/wp-json\/wp\/v2\/media?parent=489103"}],"wp:term":[{"taxonomy":"category","embeddable":true,"href":"http:\/\/desarrollo.grupomedios.com\/futbol\/wp-json\/wp\/v2\/categories?post=489103"},{"taxonomy":"post_tag","embeddable":true,"href":"http:\/\/desarrollo.grupomedios.com\/futbol\/wp-json\/wp\/v2\/tags?post=489103"}],"curies":[{"name":"wp","href":"https:\/\/api.w.org\/{rel}","templated":true}]}}