{"id":489105,"date":"2017-07-19T09:16:15","date_gmt":"2017-07-19T14:16:15","guid":{"rendered":"https:\/\/www.futboltotal.com.mx\/?p=489105"},"modified":"2017-07-19T09:16:15","modified_gmt":"2017-07-19T14:16:15","slug":"liga-mx-estaria-regreso-en-la-proxima-copa-libertadores","status":"publish","type":"post","link":"http:\/\/desarrollo.grupomedios.com\/futbol\/destacado-home\/liga-mx-estaria-regreso-en-la-proxima-copa-libertadores\/2017\/07","title":{"rendered":"Liga MX estar\u00eda de regreso en la pr\u00f3xima Copa Libertadores"},"content":{"rendered":"<p>Luego de que quedara fuera de la <strong>Copa Libertadores<\/strong> 2017 por el apretado calendario, <strong>M\u00e9xico<\/strong> buscar\u00e1 regresar al certamen sudamericano a partir de la edici\u00f3n de 2018.<\/p>\n<p>El Presidente de la Federaci\u00f3n Mexicana de Futbol, Decio de Mar\u00eda, ya tendr\u00eda pl\u00e1ticas avanzadas con los dirigentes de la <strong>Conmebol<\/strong> para ver la forma en que los equipos de la <strong>Liga MX<\/strong> pueden regresar al torneo y estar\u00edan dispuestos a seguir todas las reglas de la confederaci\u00f3n con tal de tener participaci\u00f3n.<\/p>\n<p style=\"text-align: center;\"><span style=\"color: #3366ff;\"><a style=\"color: #3366ff;\" href=\"https:\/\/www.futboltotal.com.mx\/2017\/07\/andres-guardado-ya-entreno-betis-mostro-amor-atlas\/\">VER M\u00c1S: Andr\u00e9s Guardado ya entren\u00f3 con Betis y mostr\u00f3 su amor por el Atlas<\/a><\/span><\/p>\n<p>Seg\u00fan informa el <em>Diario R\u00e9cord<\/em>, la intenci\u00f3n tanto de la FMF como del organismo sudamericano es que, para 2018, Pachuca, Tigres y Chivas sean los equipos que tengan presencia en el torneo, al haber sido los tres m\u00e1s recientes finalistas mexicanos en justas que rige la <strong>Conmebol<\/strong>.<\/p>\n<p>Se les considera equipos competitivos luego de haber llegado a Finales de la <strong>Libertadores<\/strong> (Chivas en 2010 y Tigres en 2015) y de la Sudamericana (Pachuca en 2006).<\/p>\n<p>Otros de los clubes esperados en el torneo era el Am\u00e9rica si se impon\u00eda a Quer\u00e9taro en la reciente edici\u00f3n de la Supercopa MX, pero tras la derrota ante Gallos Blancos, el equipo de Quer\u00e9taro ocupar\u00eda la plaza como \u2018M\u00e9xico 4\u2019 en la pr\u00f3xima edici\u00f3n de la Libertadores, que ya se cocina con el regreso de los clubes mexicanos.<\/p>\n<p style=\"text-align: center;\"><span style=\"color: #3366ff;\"><a style=\"color: #3366ff;\" href=\"https:\/\/www.futboltotal.com.mx\/2017\/07\/morelia-y-pirma-presentaron-la-piel-del-monarca\/\">VER M\u00c1S: Morelia y Pirma presentaron la piel del Monarca<\/a><\/span><\/p>\n<p>Cabe recordar que los \u00faltimos equipos de la <strong>Liga MX\u00a0<\/strong>que participaron en el torneo fueron Toluca y Pumas. Los Diablos quedaron eliminados en Octavos de Final por el Sao Paulo y los Universitarios sopresivamente quedaron fuera tras caer en penales con el Independiente del Valle, quien a la postre lleg\u00f3 a la Final del certamen.<\/p>\n","protected":false},"excerpt":{"rendered":"<p>Chivas, Pachuca y Tigres ser\u00edan los invitados al torneo.<\/p>\n","protected":false},"author":20,"featured_media":489108,"comment_status":"closed","ping_status":"closed","sticky":false,"template":"","format":"standard","meta":[],"categories":[5,2198,3845],"tags":[1396,64],"_links":{"self":[{"href":"http:\/\/desarrollo.grupomedios.com\/futbol\/wp-json\/wp\/v2\/posts\/489105"}],"collection":[{"href":"http:\/\/desarrollo.grupomedios.com\/futbol\/wp-json\/wp\/v2\/posts"}],"about":[{"href":"http:\/\/desarrollo.grupomedios.com\/futbol\/wp-json\/wp\/v2\/types\/post"}],"author":[{"embeddable":true,"href":"http:\/\/desarrollo.grupomedios.com\/futbol\/wp-json\/wp\/v2\/users\/20"}],"replies":[{"embeddable":true,"href":"http:\/\/desarrollo.grupomedios.com\/futbol\/wp-json\/wp\/v2\/comments?post=489105"}],"version-history":[{"count":1,"href":"http:\/\/desarrollo.grupomedios.com\/futbol\/wp-json\/wp\/v2\/posts\/489105\/revisions"}],"predecessor-version":[{"id":489109,"href":"http:\/\/desarrollo.grupomedios.com\/futbol\/wp-json\/wp\/v2\/posts\/489105\/revisions\/489109"}],"wp:featuredmedia":[{"embeddable":true,"href":"http:\/\/desarrollo.grupomedios.com\/futbol\/wp-json\/wp\/v2\/media\/489108"}],"wp:attachment":[{"href":"http:\/\/desarrollo.grupomedios.com\/futbol\/wp-json\/wp\/v2\/media?parent=489105"}],"wp:term":[{"taxonomy":"category","embeddable":true,"href":"http:\/\/desarrollo.grupomedios.com\/futbol\/wp-json\/wp\/v2\/categories?post=489105"},{"taxonomy":"post_tag","embeddable":true,"href":"http:\/\/desarrollo.grupomedios.com\/futbol\/wp-json\/wp\/v2\/tags?post=489105"}],"curies":[{"name":"wp","href":"https:\/\/api.w.org\/{rel}","templated":true}]}}