{"id":489111,"date":"2017-07-19T09:38:14","date_gmt":"2017-07-19T14:38:14","guid":{"rendered":"https:\/\/www.futboltotal.com.mx\/?p=489111"},"modified":"2017-07-19T09:38:14","modified_gmt":"2017-07-19T14:38:14","slug":"pachuca-quiere-sus-juegos-se-transmitan-en-japon","status":"publish","type":"post","link":"http:\/\/desarrollo.grupomedios.com\/futbol\/futbol-mexicano\/pachuca-quiere-sus-juegos-se-transmitan-en-japon\/2017\/07","title":{"rendered":"Pachuca quiere que sus juegos se transmitan en Jap\u00f3n"},"content":{"rendered":"<p><strong>Pachuca<\/strong>, a ra\u00edz de la llegada del nip\u00f3n, <strong>Keisuke Honda<\/strong>, tiene como objetivo\u00a0que los juegos de los <strong>Tuzos<\/strong> se transmitan en <strong>Jap\u00f3n<\/strong>.<\/p>\n<p>La televisora encargada de transmitir los juegos de <strong>Pachuca<\/strong>, <strong>Fox Sports<\/strong>, ya est\u00e1 negociando con una televisora japonesa para transmitir los duelos de liga y <strong>Mundial de Clubes<\/strong>, de acuerdo con <em>Mediotiempo.<\/em><\/p>\n<p style=\"text-align: center;\"><span style=\"color: #333399;\"><a style=\"color: #333399;\" href=\"https:\/\/www.futboltotal.com.mx\/2017\/07\/liga-mx-estaria-regreso-en-la-proxima-copa-libertadores\/\" target=\"_blank\" rel=\"noopener noreferrer\">VER M\u00c1S: Liga MX estar\u00eda de regreso en la Copa Libertadores<\/a><\/span><\/p>\n<p>La presentaci\u00f3n de Honda, propici\u00f3 que <strong>62 periodistas<\/strong> nipones se dieran cita en las instalaciones de <strong>Pachuca<\/strong> para cubrir el evento.<\/p>\n<p>El japon\u00e9s portar\u00e1 el <strong>n\u00famero &#8216;2&#8217;<\/strong> en la camiseta y al parecer, tanto aficionados como periodistas nipones, har\u00e1n un seguimiento de cerca a su compatriota.<\/p>\n<p style=\"text-align: center;\"><span style=\"color: #333399;\"><a style=\"color: #333399;\" href=\"https:\/\/www.futboltotal.com.mx\/2017\/07\/andres-guardado-ya-entreno-betis-mostro-amor-atlas\/\" target=\"_blank\" rel=\"noopener noreferrer\">VER M\u00c1S: Andr\u00e9s Guardado ya entren\u00f3 con el Betis<\/a><\/span><\/p>\n<p>&nbsp;<\/p>\n","protected":false},"excerpt":{"rendered":"<p>El cuadro de Tuzos conf\u00edan en el furor que detonar\u00e1 el nip\u00f3n, Keisuke Honda<\/p>\n","protected":false},"author":20,"featured_media":488686,"comment_status":"closed","ping_status":"closed","sticky":false,"template":"","format":"standard","meta":[],"categories":[2198,3845],"tags":[126,6092,5968,73],"_links":{"self":[{"href":"http:\/\/desarrollo.grupomedios.com\/futbol\/wp-json\/wp\/v2\/posts\/489111"}],"collection":[{"href":"http:\/\/desarrollo.grupomedios.com\/futbol\/wp-json\/wp\/v2\/posts"}],"about":[{"href":"http:\/\/desarrollo.grupomedios.com\/futbol\/wp-json\/wp\/v2\/types\/post"}],"author":[{"embeddable":true,"href":"http:\/\/desarrollo.grupomedios.com\/futbol\/wp-json\/wp\/v2\/users\/20"}],"replies":[{"embeddable":true,"href":"http:\/\/desarrollo.grupomedios.com\/futbol\/wp-json\/wp\/v2\/comments?post=489111"}],"version-history":[{"count":1,"href":"http:\/\/desarrollo.grupomedios.com\/futbol\/wp-json\/wp\/v2\/posts\/489111\/revisions"}],"predecessor-version":[{"id":489117,"href":"http:\/\/desarrollo.grupomedios.com\/futbol\/wp-json\/wp\/v2\/posts\/489111\/revisions\/489117"}],"wp:featuredmedia":[{"embeddable":true,"href":"http:\/\/desarrollo.grupomedios.com\/futbol\/wp-json\/wp\/v2\/media\/488686"}],"wp:attachment":[{"href":"http:\/\/desarrollo.grupomedios.com\/futbol\/wp-json\/wp\/v2\/media?parent=489111"}],"wp:term":[{"taxonomy":"category","embeddable":true,"href":"http:\/\/desarrollo.grupomedios.com\/futbol\/wp-json\/wp\/v2\/categories?post=489111"},{"taxonomy":"post_tag","embeddable":true,"href":"http:\/\/desarrollo.grupomedios.com\/futbol\/wp-json\/wp\/v2\/tags?post=489111"}],"curies":[{"name":"wp","href":"https:\/\/api.w.org\/{rel}","templated":true}]}}