{"id":489121,"date":"2017-07-19T09:55:35","date_gmt":"2017-07-19T14:55:35","guid":{"rendered":"https:\/\/www.futboltotal.com.mx\/?p=489121"},"modified":"2017-07-19T09:55:35","modified_gmt":"2017-07-19T14:55:35","slug":"bayern-munich-pone-intransferible-a-thomas-muller","status":"publish","type":"post","link":"http:\/\/desarrollo.grupomedios.com\/futbol\/uncategorized\/bayern-munich-pone-intransferible-a-thomas-muller\/2017\/07","title":{"rendered":"Bayern Munich pone intransferible a Thomas M\u00fcller"},"content":{"rendered":"<p>El presidente del Consejo Directivo del <strong>Bayern M\u00fanich<\/strong>, Karlheinz Rummenigge, reiter\u00f3 este mi\u00e9rcoles que el mediapunta <strong>Thomas M\u00fcller<\/strong> es intransferible, ante los rumores que ha resurgido sobre el inter\u00e9s por el jugador de tres clubes de la liga inglesa y del Juventus Tur\u00edn<\/p>\n<p>&#8220;<strong>Thomas<\/strong> sigue siendo intransferible porque es un jugador perfecto para el <strong>Bayern,<\/strong> sobre eso no hay discusi\u00f3n&#8221;, dijo <strong>Rummenigge<\/strong> en declaraciones a la revista <em>Sport Bild.<\/em><\/p>\n<p style=\"text-align: center;\"><span style=\"color: #3366ff;\"><a style=\"color: #3366ff;\" href=\"https:\/\/www.futboltotal.com.mx\/2017\/07\/liga-mx-estaria-regreso-en-la-proxima-copa-libertadores\/\">VER M\u00c1S: Liga MX estar\u00eda de regreso en la pr\u00f3xima Copa Libertadores<\/a><\/span><\/p>\n<p>No obstante, <strong>Rummenigge<\/strong> admiti\u00f3 que la \u00faltima temporada de <strong>M\u00fcller<\/strong> no fue buena y que el jugador es consciente de ello.<\/p>\n<p>&#8220;Estamos de acuerdo con <strong>Thomas<\/strong> con respecto a la \u00faltima temporada, no fue buena. Pero eso no es un problema, <strong>Thomas<\/strong> sabe que tiene que dar m\u00e1s&#8221;, agreg\u00f3.<\/p>\n<p>Adem\u00e1s del Juventus, se rumorea que tambi\u00e9n se interesan por <strong>M\u00fcller<\/strong> el Liverpool, el Arsenal y el Chelsea.<\/p>\n<p>La llegada de James Rodr\u00edguez al <strong>Bayern<\/strong> ha creado una discusi\u00f3n sobre <strong>M\u00fcller<\/strong> pues es bastante probable que los dos jugadores tengan que disputarse un puesto en la formaci\u00f3n titular.EFE<\/p>\n<p style=\"text-align: center;\"><span style=\"color: #3366ff;\"><a style=\"color: #3366ff;\" href=\"https:\/\/www.futboltotal.com.mx\/2017\/07\/cruz-azul-ya-destino-joao-rojas\/\">VER M\u00c1S: Cruz Azul ya tiene destino para Joao Rojas<\/a><\/span><\/p>\n","protected":false},"excerpt":{"rendered":"<p>La llegada de James Rodr\u00edguez puso en duda su continuidad.<\/p>\n","protected":false},"author":20,"featured_media":436804,"comment_status":"closed","ping_status":"closed","sticky":false,"template":"","format":"standard","meta":[],"categories":[1],"tags":[2056,6214,6082,5792],"_links":{"self":[{"href":"http:\/\/desarrollo.grupomedios.com\/futbol\/wp-json\/wp\/v2\/posts\/489121"}],"collection":[{"href":"http:\/\/desarrollo.grupomedios.com\/futbol\/wp-json\/wp\/v2\/posts"}],"about":[{"href":"http:\/\/desarrollo.grupomedios.com\/futbol\/wp-json\/wp\/v2\/types\/post"}],"author":[{"embeddable":true,"href":"http:\/\/desarrollo.grupomedios.com\/futbol\/wp-json\/wp\/v2\/users\/20"}],"replies":[{"embeddable":true,"href":"http:\/\/desarrollo.grupomedios.com\/futbol\/wp-json\/wp\/v2\/comments?post=489121"}],"version-history":[{"count":1,"href":"http:\/\/desarrollo.grupomedios.com\/futbol\/wp-json\/wp\/v2\/posts\/489121\/revisions"}],"predecessor-version":[{"id":489122,"href":"http:\/\/desarrollo.grupomedios.com\/futbol\/wp-json\/wp\/v2\/posts\/489121\/revisions\/489122"}],"wp:featuredmedia":[{"embeddable":true,"href":"http:\/\/desarrollo.grupomedios.com\/futbol\/wp-json\/wp\/v2\/media\/436804"}],"wp:attachment":[{"href":"http:\/\/desarrollo.grupomedios.com\/futbol\/wp-json\/wp\/v2\/media?parent=489121"}],"wp:term":[{"taxonomy":"category","embeddable":true,"href":"http:\/\/desarrollo.grupomedios.com\/futbol\/wp-json\/wp\/v2\/categories?post=489121"},{"taxonomy":"post_tag","embeddable":true,"href":"http:\/\/desarrollo.grupomedios.com\/futbol\/wp-json\/wp\/v2\/tags?post=489121"}],"curies":[{"name":"wp","href":"https:\/\/api.w.org\/{rel}","templated":true}]}}