{"id":489123,"date":"2017-07-19T10:12:51","date_gmt":"2017-07-19T15:12:51","guid":{"rendered":"https:\/\/www.futboltotal.com.mx\/?p=489123"},"modified":"2017-07-19T10:12:51","modified_gmt":"2017-07-19T15:12:51","slug":"tigres-ambicion-nuevo-grande","status":"publish","type":"post","link":"http:\/\/desarrollo.grupomedios.com\/futbol\/destacado-home\/tigres-ambicion-nuevo-grande\/2017\/07","title":{"rendered":"Tigres y su ambici\u00f3n de ser un nuevo grande"},"content":{"rendered":"<p>Como ha sido durante los \u00faltimos a\u00f1os, los <strong>Tigres<\/strong> buscar\u00e1n seguir en el plano mayor de la <strong>Liga MX<\/strong>, donde han llegado a cuatro finales de las \u00faltimas seis finales.<\/p>\n<p>De esos partidos por el t\u00edtulo, los felinos han ganado dos y perdido el mismo n\u00famero, siendo la \u00faltima ante Chivas en el Clausura 2017.<\/p>\n<p>A pesar de ello, <strong>Tigres<\/strong> seguir\u00e1 siendo de los planteles m\u00e1s poderosos y dif\u00edciles a la ofensiva, pues Andr\u00e9-Pierre Gignac, Ismael Sosa, Eduardo Vargas, Enner Valencia y Javier Aquino, entre otros, quieren buscar otro campeonato m\u00e1s para los felinos.<\/p>\n<p style=\"text-align: center;\"><span style=\"color: #3366ff;\"><a style=\"color: #3366ff;\" href=\"https:\/\/www.futboltotal.com.mx\/2017\/07\/liga-mx-estaria-regreso-en-la-proxima-copa-libertadores\/\">VER M\u00c1S: Liga MX estar\u00eda de regreso en la pr\u00f3xima Copa Libertadores<\/a><\/span><\/p>\n<p>[video_player]https:\/\/player.vimeo.com\/external\/225859767.hd.mp4?s=0bc187ce2c9163de88060b07bd6c7f110537e70d&amp;profile_id=174[\/video_player]<\/p>\n","protected":false},"excerpt":{"rendered":"<p>Los felinos tuvieron grandes cambios.<\/p>\n","protected":false},"author":20,"featured_media":489125,"comment_status":"closed","ping_status":"closed","sticky":false,"template":"","format":"standard","meta":[],"categories":[5,2198,3845],"tags":[64,5973],"_links":{"self":[{"href":"http:\/\/desarrollo.grupomedios.com\/futbol\/wp-json\/wp\/v2\/posts\/489123"}],"collection":[{"href":"http:\/\/desarrollo.grupomedios.com\/futbol\/wp-json\/wp\/v2\/posts"}],"about":[{"href":"http:\/\/desarrollo.grupomedios.com\/futbol\/wp-json\/wp\/v2\/types\/post"}],"author":[{"embeddable":true,"href":"http:\/\/desarrollo.grupomedios.com\/futbol\/wp-json\/wp\/v2\/users\/20"}],"replies":[{"embeddable":true,"href":"http:\/\/desarrollo.grupomedios.com\/futbol\/wp-json\/wp\/v2\/comments?post=489123"}],"version-history":[{"count":1,"href":"http:\/\/desarrollo.grupomedios.com\/futbol\/wp-json\/wp\/v2\/posts\/489123\/revisions"}],"predecessor-version":[{"id":489126,"href":"http:\/\/desarrollo.grupomedios.com\/futbol\/wp-json\/wp\/v2\/posts\/489123\/revisions\/489126"}],"wp:featuredmedia":[{"embeddable":true,"href":"http:\/\/desarrollo.grupomedios.com\/futbol\/wp-json\/wp\/v2\/media\/489125"}],"wp:attachment":[{"href":"http:\/\/desarrollo.grupomedios.com\/futbol\/wp-json\/wp\/v2\/media?parent=489123"}],"wp:term":[{"taxonomy":"category","embeddable":true,"href":"http:\/\/desarrollo.grupomedios.com\/futbol\/wp-json\/wp\/v2\/categories?post=489123"},{"taxonomy":"post_tag","embeddable":true,"href":"http:\/\/desarrollo.grupomedios.com\/futbol\/wp-json\/wp\/v2\/tags?post=489123"}],"curies":[{"name":"wp","href":"https:\/\/api.w.org\/{rel}","templated":true}]}}