{"id":489127,"date":"2017-07-19T10:24:38","date_gmt":"2017-07-19T15:24:38","guid":{"rendered":"https:\/\/www.futboltotal.com.mx\/?p=489127"},"modified":"2017-07-19T11:13:27","modified_gmt":"2017-07-19T16:13:27","slug":"west-ham-ya-acuerdo-chicharito","status":"publish","type":"post","link":"http:\/\/desarrollo.grupomedios.com\/futbol\/destacado-home\/west-ham-ya-acuerdo-chicharito\/2017\/07","title":{"rendered":"West Ham ya tiene acuerdo con Chicharito"},"content":{"rendered":"<p>El regreso de <strong>Javier Hern\u00e1ndez<\/strong> a la <strong>Premier League<\/strong> parece inminente, <strong>West Ham<\/strong> ya logr\u00f3 llegar a un acuerdo con el delantero azteca.<\/p>\n<p>Ahora toca el turno para los Hammers de llegar a un acuerdo con el <strong>Bayer Leverkusen<\/strong>, de acuerdo con el <em>diario Marca<\/em>. Todo indica que el conjunto ingl\u00e9s pagar\u00e1 <strong>15 millones de euros<\/strong> por <strong>Chicharito<\/strong>.<\/p>\n<p style=\"text-align: center;\"><span style=\"color: #333399;\"><a style=\"color: #333399;\" href=\"https:\/\/www.futboltotal.com.mx\/2017\/07\/liga-mx-estaria-regreso-en-la-proxima-copa-libertadores\/\" target=\"_blank\" rel=\"noopener noreferrer\">VER M\u00c1S: Liga MX regresar\u00e1 a Copa Libertadores<\/a><\/span><\/p>\n<p>Hern\u00e1ndez regresar\u00eda al futbol ingl\u00e9s, pues de 2010 a 2014 jug\u00f3 para el <strong>Manchester United<\/strong>.<\/p>\n<p><strong>LOS FANS LO ESPERAN<\/strong><\/p>\n<p>Por otro lado, a trav\u00e9s del Twitter oficial del <strong>West Ham<\/strong>, los aficionados han manifestado su emoci\u00f3n por la posible llegada de <strong>Chicharito<\/strong>.<\/p>\n<blockquote class=\"twitter-tweet\" data-conversation=\"none\" data-lang=\"es\">\n<p dir=\"ltr\" lang=\"und\"><a href=\"https:\/\/t.co\/U8Mt6h4Hi3\">pic.twitter.com\/U8Mt6h4Hi3<\/a><\/p>\n<p>\u2014 \u2602henriques\u2602 (@elcoldg) <a href=\"https:\/\/twitter.com\/elcoldg\/status\/887673964335648768\">19 de julio de 2017<\/a><\/p><\/blockquote>\n<p><script async src=\"\/\/platform.twitter.com\/widgets.js\" charset=\"utf-8\"><\/script><\/p>\n<blockquote class=\"twitter-tweet\" data-conversation=\"none\" data-lang=\"es\">\n<p dir=\"ltr\" lang=\"en\">Announce Chicharito <a href=\"https:\/\/t.co\/iei8WcpdSq\">pic.twitter.com\/iei8WcpdSq<\/a><\/p>\n<p>\u2014 The West Hammers (@TheWestHammers) <a href=\"https:\/\/twitter.com\/TheWestHammers\/status\/887627821799137281\">19 de julio de 2017<\/a><\/p><\/blockquote>\n<p><script async src=\"\/\/platform.twitter.com\/widgets.js\" charset=\"utf-8\"><\/script><\/p>\n<blockquote class=\"twitter-tweet\" data-conversation=\"none\" data-lang=\"es\">\n<p dir=\"ltr\" lang=\"und\"><a href=\"https:\/\/t.co\/eXlrbHdazh\">pic.twitter.com\/eXlrbHdazh<\/a><\/p>\n<p>\u2014 (@Fluuked) <a href=\"https:\/\/twitter.com\/Fluuked\/status\/887628164352139264\">19 de julio de 2017<\/a><\/p><\/blockquote>\n<p><script async src=\"\/\/platform.twitter.com\/widgets.js\" charset=\"utf-8\"><\/script><\/p>\n<blockquote class=\"twitter-tweet\" data-conversation=\"none\" data-lang=\"es\">\n<p dir=\"ltr\" lang=\"en\">Chicha???<\/p>\n<p>\u2014 \u2692 Marius Blom \u2692 (@mariusbluum) <a href=\"https:\/\/twitter.com\/mariusbluum\/status\/887627220335964160\">19 de julio de 2017<\/a><\/p><\/blockquote>\n<p><script async src=\"\/\/platform.twitter.com\/widgets.js\" charset=\"utf-8\"><\/script><\/p>\n<p style=\"text-align: center;\"><span style=\"color: #333399;\"><a style=\"color: #333399;\" href=\"https:\/\/www.futboltotal.com.mx\/2017\/07\/real-madrid-hoy-en-dia-domina-todas-las-facetas-xavi\/\" target=\"_blank\" rel=\"noopener noreferrer\">VER M\u00c1S: Real Madrid domina en todas las facetas: Xavi Hern\u00e1ndez<\/a><\/span><\/p>\n","protected":false},"excerpt":{"rendered":"<p>El conjunto ingl\u00e9s tiene negociar con el Bayer Leverkusen<\/p>\n","protected":false},"author":20,"featured_media":484315,"comment_status":"closed","ping_status":"closed","sticky":false,"template":"","format":"standard","meta":[],"categories":[5,3839,3846,6718],"tags":[4335,120,549,1743],"_links":{"self":[{"href":"http:\/\/desarrollo.grupomedios.com\/futbol\/wp-json\/wp\/v2\/posts\/489127"}],"collection":[{"href":"http:\/\/desarrollo.grupomedios.com\/futbol\/wp-json\/wp\/v2\/posts"}],"about":[{"href":"http:\/\/desarrollo.grupomedios.com\/futbol\/wp-json\/wp\/v2\/types\/post"}],"author":[{"embeddable":true,"href":"http:\/\/desarrollo.grupomedios.com\/futbol\/wp-json\/wp\/v2\/users\/20"}],"replies":[{"embeddable":true,"href":"http:\/\/desarrollo.grupomedios.com\/futbol\/wp-json\/wp\/v2\/comments?post=489127"}],"version-history":[{"count":1,"href":"http:\/\/desarrollo.grupomedios.com\/futbol\/wp-json\/wp\/v2\/posts\/489127\/revisions"}],"predecessor-version":[{"id":489128,"href":"http:\/\/desarrollo.grupomedios.com\/futbol\/wp-json\/wp\/v2\/posts\/489127\/revisions\/489128"}],"wp:featuredmedia":[{"embeddable":true,"href":"http:\/\/desarrollo.grupomedios.com\/futbol\/wp-json\/wp\/v2\/media\/484315"}],"wp:attachment":[{"href":"http:\/\/desarrollo.grupomedios.com\/futbol\/wp-json\/wp\/v2\/media?parent=489127"}],"wp:term":[{"taxonomy":"category","embeddable":true,"href":"http:\/\/desarrollo.grupomedios.com\/futbol\/wp-json\/wp\/v2\/categories?post=489127"},{"taxonomy":"post_tag","embeddable":true,"href":"http:\/\/desarrollo.grupomedios.com\/futbol\/wp-json\/wp\/v2\/tags?post=489127"}],"curies":[{"name":"wp","href":"https:\/\/api.w.org\/{rel}","templated":true}]}}