{"id":489139,"date":"2017-07-19T11:52:29","date_gmt":"2017-07-19T16:52:29","guid":{"rendered":"https:\/\/www.futboltotal.com.mx\/?p=489139"},"modified":"2017-07-19T11:52:29","modified_gmt":"2017-07-19T16:52:29","slug":"las-10-cosas-debes-saber-sobre-pierre-emerick-aubameyang","status":"publish","type":"post","link":"http:\/\/desarrollo.grupomedios.com\/futbol\/futbol-internacional\/las-10-cosas-debes-saber-sobre-pierre-emerick-aubameyang\/2017\/07","title":{"rendered":"Las 10 cosas que debes saber sobre Pierre-Emerick Aubameyang"},"content":{"rendered":"<p><strong>Charly F\u00fatbol<\/strong> y <strong>Futbol Total<\/strong> presentan <strong>Las 10 cosas que debes saber sobre\u00a0Pierre-Emerick Aubameyang<\/strong>, el letal goleador del\u00a0<strong>Borussia Dortmund<\/strong>\u00a0y de la selecci\u00f3n de <strong>Gab\u00f3n<\/strong>.<\/p>\n<p>A diferencia de los datos que normalmente se mencionan sobre este futbolista que tiene romance con el gol, como su incursi\u00f3n en el mundo de la m\u00fasica, costosos y curiosos hobbies o que uno de sus \u00eddolos es un hist\u00f3rico futbolista mexicano.<\/p>\n<p style=\"text-align: center;\"><a href=\"https:\/\/www.futboltotal.com.mx\/2017\/07\/west-ham-ya-acuerdo-chicharito\/\" target=\"_blank\" rel=\"noopener noreferrer\"><span style=\"color: #333399;\">VER M\u00c1S:\u00a0West Ham ya tiene acuerdo con Chicharito<\/span><\/a><\/p>\n<p>Conoce esto y m\u00e1s en <strong>Las 10 cosas que debes saber sobre Aubameyang<\/strong>\u00a0presentado por <strong>Charly F\u00fatbol<\/strong>.<\/p>\n<p style=\"text-align: center;\"><a href=\"https:\/\/www.futboltotal.com.mx\/2017\/07\/liga-mx-estaria-regreso-en-la-proxima-copa-libertadores\/\" target=\"_blank\" rel=\"noopener noreferrer\"><span style=\"color: #333399;\">VER M\u00c1S: Liga MX estar\u00eda de regreso en la pr\u00f3xima Copa Libertadores<\/span><\/a><\/p>\n<p class=\"p1\"><span class=\"s1\">[video_player]https:\/\/player.vimeo.com\/external\/224244347.hd.mp4?s=ed3ae25178569e9601b8847dc43818bde907bd5b&amp;profile_id=174 [\/video_player]<\/span><\/p>\n<p class=\"p1\"><span class=\"s1\" style=\"color: #3366ff;\"><b>S\u00edguenos en Twitter<\/b>:\u00a0<a style=\"color: #3366ff;\" href=\"https:\/\/twitter.com\/MXFutbolTotal\"><span class=\"s2\">@MXFutbolTotal<\/span><\/a><\/span><\/p>\n","protected":false},"excerpt":{"rendered":"<p>Conoce una faceta distinta del goleador del Borussia Dortmund y de Gab\u00f3n.<\/p>\n","protected":false},"author":20,"featured_media":489141,"comment_status":"closed","ping_status":"closed","sticky":false,"template":"","format":"standard","meta":[],"categories":[5419,3839,6822],"tags":[5861,6047,9436,5078],"_links":{"self":[{"href":"http:\/\/desarrollo.grupomedios.com\/futbol\/wp-json\/wp\/v2\/posts\/489139"}],"collection":[{"href":"http:\/\/desarrollo.grupomedios.com\/futbol\/wp-json\/wp\/v2\/posts"}],"about":[{"href":"http:\/\/desarrollo.grupomedios.com\/futbol\/wp-json\/wp\/v2\/types\/post"}],"author":[{"embeddable":true,"href":"http:\/\/desarrollo.grupomedios.com\/futbol\/wp-json\/wp\/v2\/users\/20"}],"replies":[{"embeddable":true,"href":"http:\/\/desarrollo.grupomedios.com\/futbol\/wp-json\/wp\/v2\/comments?post=489139"}],"version-history":[{"count":1,"href":"http:\/\/desarrollo.grupomedios.com\/futbol\/wp-json\/wp\/v2\/posts\/489139\/revisions"}],"predecessor-version":[{"id":489142,"href":"http:\/\/desarrollo.grupomedios.com\/futbol\/wp-json\/wp\/v2\/posts\/489139\/revisions\/489142"}],"wp:featuredmedia":[{"embeddable":true,"href":"http:\/\/desarrollo.grupomedios.com\/futbol\/wp-json\/wp\/v2\/media\/489141"}],"wp:attachment":[{"href":"http:\/\/desarrollo.grupomedios.com\/futbol\/wp-json\/wp\/v2\/media?parent=489139"}],"wp:term":[{"taxonomy":"category","embeddable":true,"href":"http:\/\/desarrollo.grupomedios.com\/futbol\/wp-json\/wp\/v2\/categories?post=489139"},{"taxonomy":"post_tag","embeddable":true,"href":"http:\/\/desarrollo.grupomedios.com\/futbol\/wp-json\/wp\/v2\/tags?post=489139"}],"curies":[{"name":"wp","href":"https:\/\/api.w.org\/{rel}","templated":true}]}}