{"id":489154,"date":"2017-07-19T14:52:27","date_gmt":"2017-07-19T19:52:27","guid":{"rendered":"https:\/\/www.futboltotal.com.mx\/?p=489154"},"modified":"2017-07-19T14:52:27","modified_gmt":"2017-07-19T19:52:27","slug":"alvaro-morata-deja-real-madrid-fichar-chelsea","status":"publish","type":"post","link":"http:\/\/desarrollo.grupomedios.com\/futbol\/destacado-home\/alvaro-morata-deja-real-madrid-fichar-chelsea\/2017\/07","title":{"rendered":"\u00a1\u00c1lvaro Morata deja el Real Madrid para fichar con el Chelsea!"},"content":{"rendered":"<p>El <strong>Real Madrid<\/strong> ha informado este mi\u00e9rcoles de que ha llegado a un acuerdo con el <strong>Chelsea<\/strong> para traspasar al delantero <strong>\u00c1lvaro Morata<\/strong> al club ingl\u00e9s, en una operaci\u00f3n estimada, seg\u00fan pudo saber Efe, en 80 millones de euros.<\/p>\n<p>&#8220;El Real Madrid y el Chelsea han acordado el traspaso del jugador <strong>\u00c1lvaro Morata<\/strong>, pendiente del reconocimiento m\u00e9dico pertinente, informa el club espa\u00f1ol.<\/p>\n<p><strong>\u00c1lvaro Morata<\/strong> se ha ausentado del entrenamiento que el <strong>Real Madrid<\/strong> lleva a cabo en las instalaciones de la Universidad de California en Los \u00c1ngeles (UCLA).<\/p>\n<p style=\"text-align: center;\"><span style=\"color: #3366ff;\"><a style=\"color: #3366ff;\" href=\"https:\/\/www.futboltotal.com.mx\/2017\/07\/west-ham-ya-acuerdo-chicharito\/\">VER M\u00c1S: West Ham ya tiene acuerdo con Chicharito<\/a><\/span><\/p>\n<blockquote class=\"twitter-tweet\" data-width=\"500\">\n<p lang=\"en\" dir=\"ltr\">We have agreed terms with Real Madrid for the transfer of Alvaro Morata&#8230;<a href=\"https:\/\/t.co\/uuenBgcPH2\">https:\/\/t.co\/uuenBgcPH2<\/a><\/p>\n<p>&mdash; Chelsea FC (@ChelseaFC) <a href=\"https:\/\/twitter.com\/ChelseaFC\/status\/887726438941687808\">July 19, 2017<\/a><\/p><\/blockquote>\n<p><script async src=\"\/\/platform.twitter.com\/widgets.js\" charset=\"utf-8\"><\/script><\/p>\n<p>El internacional espa\u00f1ol se qued\u00f3 en el gimnasio, seg\u00fan precis\u00f3 el departamento de prensa del club.<\/p>\n<p>El delantero abandonar\u00e1 la disciplina del club blanco en las pr\u00f3ximas horas para incorporarse al <strong>Chelsea<\/strong>, donde se reencontrar\u00e1 con el t\u00e9cnico italiano Antonio Conte, quien ya lo tuvo a sus \u00f3rdenes en el Juventus.<\/p>\n<p style=\"text-align: center;\"><span style=\"color: #3366ff;\"><a style=\"color: #3366ff;\" href=\"https:\/\/www.futboltotal.com.mx\/2017\/07\/egidio-arevalo-corto-entrevista-en-vivo-a-argentino-insulto-futbol-mexicano\/\">VER M\u00c1S: Egidio Ar\u00e9valo cort\u00f3 entrevista en vivo a argentino que insult\u00f3 el futbol mexicano<\/a><\/span><\/p>\n<p>Sergio Ramos, que sigue con molestias en su o\u00eddo derecho, tampoco se est\u00e1 entrenando con el equipo.<\/p>\n<p>Por su parte, el brasile\u00f1o Danilo, pretendido por el Manchester City, s\u00ed est\u00e1 sobre el c\u00e9sped del North Athletic Field, de UCLA, entrenando con sus compa\u00f1eros.<\/p>\n","protected":false},"excerpt":{"rendered":"<p>El espa\u00f1ol ser\u00e1 el sustituto de Diego Costa.<\/p>\n","protected":false},"author":144,"featured_media":482692,"comment_status":"closed","ping_status":"closed","sticky":false,"template":"","format":"standard","meta":[],"categories":[5,3839],"tags":[3001,5981,5988],"_links":{"self":[{"href":"http:\/\/desarrollo.grupomedios.com\/futbol\/wp-json\/wp\/v2\/posts\/489154"}],"collection":[{"href":"http:\/\/desarrollo.grupomedios.com\/futbol\/wp-json\/wp\/v2\/posts"}],"about":[{"href":"http:\/\/desarrollo.grupomedios.com\/futbol\/wp-json\/wp\/v2\/types\/post"}],"author":[{"embeddable":true,"href":"http:\/\/desarrollo.grupomedios.com\/futbol\/wp-json\/wp\/v2\/users\/144"}],"replies":[{"embeddable":true,"href":"http:\/\/desarrollo.grupomedios.com\/futbol\/wp-json\/wp\/v2\/comments?post=489154"}],"version-history":[{"count":1,"href":"http:\/\/desarrollo.grupomedios.com\/futbol\/wp-json\/wp\/v2\/posts\/489154\/revisions"}],"predecessor-version":[{"id":489157,"href":"http:\/\/desarrollo.grupomedios.com\/futbol\/wp-json\/wp\/v2\/posts\/489154\/revisions\/489157"}],"wp:featuredmedia":[{"embeddable":true,"href":"http:\/\/desarrollo.grupomedios.com\/futbol\/wp-json\/wp\/v2\/media\/482692"}],"wp:attachment":[{"href":"http:\/\/desarrollo.grupomedios.com\/futbol\/wp-json\/wp\/v2\/media?parent=489154"}],"wp:term":[{"taxonomy":"category","embeddable":true,"href":"http:\/\/desarrollo.grupomedios.com\/futbol\/wp-json\/wp\/v2\/categories?post=489154"},{"taxonomy":"post_tag","embeddable":true,"href":"http:\/\/desarrollo.grupomedios.com\/futbol\/wp-json\/wp\/v2\/tags?post=489154"}],"curies":[{"name":"wp","href":"https:\/\/api.w.org\/{rel}","templated":true}]}}