{"id":489163,"date":"2017-07-19T15:27:57","date_gmt":"2017-07-19T20:27:57","guid":{"rendered":"https:\/\/www.futboltotal.com.mx\/?p=489163"},"modified":"2017-07-19T15:27:57","modified_gmt":"2017-07-19T20:27:57","slug":"atlante-presenta-nueva-piel-apertura-2017","status":"publish","type":"post","link":"http:\/\/desarrollo.grupomedios.com\/futbol\/futbol-mexicano\/atlante-presenta-nueva-piel-apertura-2017\/2017\/07","title":{"rendered":"Atlante presenta su nueva piel para Apertura 2017"},"content":{"rendered":"<p>El cuadro de los <strong>Potros del Atlante<\/strong> present\u00f3 su nuevo uniforme para el <strong>Apertura 2017<\/strong>, con el que buscar\u00e1n regresar al m\u00e1ximo circuito.<\/p>\n<p>La indumentaria de local es la cl\u00e1sica azulgrana con el escudo de los <strong>Potros<\/strong> en el lado izquierdo, adem\u00e1s de la publicidad de<strong> Canc\u00fan<\/strong>.<\/p>\n<p style=\"text-align: center;\"><span style=\"color: #333399;\"><a style=\"color: #333399;\" href=\"https:\/\/www.futboltotal.com.mx\/2017\/07\/atlas-buscara-la-liguilla-para-pensar-en-descenso\/\" target=\"_blank\" rel=\"noopener noreferrer\">VER M\u00c1S: Atlas buscar\u00e1 la liguilla para no pensar en el descenso\u00a0<\/a><\/span><\/p>\n<p><a href=\"https:\/\/www.futboltotal.com.mx\/wp-content\/uploads\/2017\/07\/atlante-local.jpg\"><img decoding=\"async\" loading=\"lazy\" class=\"alignnone size-full wp-image-489167\" src=\"https:\/\/www.futboltotal.com.mx\/wp-content\/uploads\/2017\/07\/atlante-local.jpg\" alt=\"Atlante presenta su nueva piel para Apertura 2017 0\" srcset=\"http:\/\/desarrollo.grupomedios.com\/futbol\/wp-content\/uploads\/2017\/07\/atlante-local.jpg 1024w, http:\/\/desarrollo.grupomedios.com\/futbol\/wp-content\/uploads\/2017\/07\/atlante-local-150x150.jpg 150w, http:\/\/desarrollo.grupomedios.com\/futbol\/wp-content\/uploads\/2017\/07\/atlante-local-300x300.jpg 300w, http:\/\/desarrollo.grupomedios.com\/futbol\/wp-content\/uploads\/2017\/07\/atlante-local-768x768.jpg 768w\" sizes=\"(max-width: 1024px) 100vw, 1024px\" \/><\/a><\/p>\n<p>Por otra parte, el uniforme de visita tendr\u00e1 la <strong>camiseta en blanco<\/strong>; sin embargo, no se perder\u00e1n las rayas verticales en azulgrana, pues a pesar del fondo blanco, las mantendr\u00e1n.<\/p>\n<p><a href=\"https:\/\/www.futboltotal.com.mx\/wp-content\/uploads\/2017\/07\/atlante-visita.jpg\"><img decoding=\"async\" loading=\"lazy\" class=\"alignnone size-full wp-image-489169\" src=\"https:\/\/www.futboltotal.com.mx\/wp-content\/uploads\/2017\/07\/atlante-visita.jpg\" alt=\"Atlante presenta su nueva piel para Apertura 2017 1\" srcset=\"http:\/\/desarrollo.grupomedios.com\/futbol\/wp-content\/uploads\/2017\/07\/atlante-visita.jpg 1200w, http:\/\/desarrollo.grupomedios.com\/futbol\/wp-content\/uploads\/2017\/07\/atlante-visita-300x225.jpg 300w, http:\/\/desarrollo.grupomedios.com\/futbol\/wp-content\/uploads\/2017\/07\/atlante-visita-768x576.jpg 768w, http:\/\/desarrollo.grupomedios.com\/futbol\/wp-content\/uploads\/2017\/07\/atlante-visita-1024x768.jpg 1024w\" sizes=\"(max-width: 1200px) 100vw, 1200px\" \/><\/a><\/p>\n<p style=\"text-align: center;\"><span style=\"color: #333399;\"><a style=\"color: #333399;\" href=\"https:\/\/www.futboltotal.com.mx\/2017\/07\/las-10-cosas-debes-saber-sobre-pierre-emerick-aubameyang\/\" target=\"_blank\" rel=\"noopener noreferrer\">VER M\u00c1S: 10 cosas que debes saber sobre Aubameyang<\/a><\/span><\/p>\n","protected":false},"excerpt":{"rendered":"<p>Con esta nueva indumentaria, el cuadro de los Potros buscar\u00e1 regresar a la m\u00e1xima categor\u00eda<\/p>\n","protected":false},"author":20,"featured_media":479798,"comment_status":"closed","ping_status":"closed","sticky":false,"template":"","format":"standard","meta":[],"categories":[3843,2198],"tags":[7021,5960,476],"_links":{"self":[{"href":"http:\/\/desarrollo.grupomedios.com\/futbol\/wp-json\/wp\/v2\/posts\/489163"}],"collection":[{"href":"http:\/\/desarrollo.grupomedios.com\/futbol\/wp-json\/wp\/v2\/posts"}],"about":[{"href":"http:\/\/desarrollo.grupomedios.com\/futbol\/wp-json\/wp\/v2\/types\/post"}],"author":[{"embeddable":true,"href":"http:\/\/desarrollo.grupomedios.com\/futbol\/wp-json\/wp\/v2\/users\/20"}],"replies":[{"embeddable":true,"href":"http:\/\/desarrollo.grupomedios.com\/futbol\/wp-json\/wp\/v2\/comments?post=489163"}],"version-history":[{"count":1,"href":"http:\/\/desarrollo.grupomedios.com\/futbol\/wp-json\/wp\/v2\/posts\/489163\/revisions"}],"predecessor-version":[{"id":489172,"href":"http:\/\/desarrollo.grupomedios.com\/futbol\/wp-json\/wp\/v2\/posts\/489163\/revisions\/489172"}],"wp:featuredmedia":[{"embeddable":true,"href":"http:\/\/desarrollo.grupomedios.com\/futbol\/wp-json\/wp\/v2\/media\/479798"}],"wp:attachment":[{"href":"http:\/\/desarrollo.grupomedios.com\/futbol\/wp-json\/wp\/v2\/media?parent=489163"}],"wp:term":[{"taxonomy":"category","embeddable":true,"href":"http:\/\/desarrollo.grupomedios.com\/futbol\/wp-json\/wp\/v2\/categories?post=489163"},{"taxonomy":"post_tag","embeddable":true,"href":"http:\/\/desarrollo.grupomedios.com\/futbol\/wp-json\/wp\/v2\/tags?post=489163"}],"curies":[{"name":"wp","href":"https:\/\/api.w.org\/{rel}","templated":true}]}}