{"id":489207,"date":"2017-07-19T17:33:44","date_gmt":"2017-07-19T22:33:44","guid":{"rendered":"https:\/\/www.futboltotal.com.mx\/?p=489207"},"modified":"2017-07-19T17:33:44","modified_gmt":"2017-07-19T22:33:44","slug":"ochoa-volvio-a-mantener-su-meta-en-cero-con-el-standard-lieja","status":"publish","type":"post","link":"http:\/\/desarrollo.grupomedios.com\/futbol\/destacado-home\/ochoa-volvio-a-mantener-su-meta-en-cero-con-el-standard-lieja\/2017\/07","title":{"rendered":"Ochoa volvi\u00f3 a mantener su meta en cero con el Standard de Lieja"},"content":{"rendered":"<p>El guardameta mexicano <a href=\"https:\/\/www.futboltotal.com.mx\/2017\/07\/ochoa-debuto-con-standard-lieja-y-su-marco-se-fue-en-cero\/\" target=\"_blank\" rel=\"noopener noreferrer\"><span style=\"color: #333399;\"><strong>Guillermo Ochoa<\/strong><\/span><\/a> volvi\u00f3 a ver actividad con el <a href=\"https:\/\/www.futboltotal.com.mx\/2017\/07\/standard-liege-oficializa-la-llegada-guillermo-ochoa\/\" target=\"_blank\" rel=\"noopener noreferrer\"><span style=\"color: #333399;\"><strong>Standard de Lieja<\/strong><\/span><\/a>, en el duelo que su equipo gan\u00f3 2-0 ante el <strong>Quevilly Rouen M\u00e9tropole.<\/strong><\/p>\n<p style=\"text-align: center;\"><a href=\"https:\/\/www.futboltotal.com.mx\/2017\/07\/cristante-duda-triverio-uribe-arrancar-toluca\/\" target=\"_blank\" rel=\"noopener noreferrer\"><span style=\"color: #333399;\">VER M\u00c1S:\u00a0Cristante duda con Triverio o Uribe para arrancar con Toluca<\/span><\/a><\/p>\n<p>El exportero del <strong>Granada<\/strong> inici\u00f3 de titular en el segundo cotejo de preparaci\u00f3n del conjunto belga, en donde <strong>Orlanso S\u00e1<\/strong> anot\u00f3 un doblete.<\/p>\n<p style=\"text-align: center;\"><a href=\"https:\/\/www.futboltotal.com.mx\/2017\/07\/funes-mori-estara-2018\/\" target=\"_blank\" rel=\"noopener noreferrer\"><span style=\"color: #333399;\">VER M\u00c1S:\u00a0Funes Mori estar\u00e1 fuera hasta 2018<\/span><\/a><\/p>\n<p>Esta es la segunda ocasi\u00f3n que &#8216;Paco Memo&#8217; defiende el arco del <strong>Lieja<\/strong> y logra irse con su meta en cero.<\/p>\n<p><a href=\"https:\/\/www.futboltotal.com.mx\/wp-content\/uploads\/2017\/07\/20170719160406.jpg\"><img decoding=\"async\" loading=\"lazy\" class=\"size-medium wp-image-489211 aligncenter\" src=\"https:\/\/www.futboltotal.com.mx\/wp-content\/uploads\/2017\/07\/20170719160406-300x171.jpg\" alt=\"Ochoa volvi\u00f3 a mantener su meta en cero con el Standard de Lieja 0\" srcset=\"http:\/\/desarrollo.grupomedios.com\/futbol\/wp-content\/uploads\/2017\/07\/20170719160406-300x171.jpg 300w, http:\/\/desarrollo.grupomedios.com\/futbol\/wp-content\/uploads\/2017\/07\/20170719160406.jpg 768w\" sizes=\"(max-width: 300px) 100vw, 300px\" \/><\/a><\/p>\n","protected":false},"excerpt":{"rendered":"<p>Ochoa lo volvi\u00f3 a hacer con el Standard<\/p>\n","protected":false},"author":20,"featured_media":488674,"comment_status":"closed","ping_status":"closed","sticky":false,"template":"","format":"standard","meta":[],"categories":[5,3839,6718],"tags":[5991,9309],"_links":{"self":[{"href":"http:\/\/desarrollo.grupomedios.com\/futbol\/wp-json\/wp\/v2\/posts\/489207"}],"collection":[{"href":"http:\/\/desarrollo.grupomedios.com\/futbol\/wp-json\/wp\/v2\/posts"}],"about":[{"href":"http:\/\/desarrollo.grupomedios.com\/futbol\/wp-json\/wp\/v2\/types\/post"}],"author":[{"embeddable":true,"href":"http:\/\/desarrollo.grupomedios.com\/futbol\/wp-json\/wp\/v2\/users\/20"}],"replies":[{"embeddable":true,"href":"http:\/\/desarrollo.grupomedios.com\/futbol\/wp-json\/wp\/v2\/comments?post=489207"}],"version-history":[{"count":1,"href":"http:\/\/desarrollo.grupomedios.com\/futbol\/wp-json\/wp\/v2\/posts\/489207\/revisions"}],"predecessor-version":[{"id":489212,"href":"http:\/\/desarrollo.grupomedios.com\/futbol\/wp-json\/wp\/v2\/posts\/489207\/revisions\/489212"}],"wp:featuredmedia":[{"embeddable":true,"href":"http:\/\/desarrollo.grupomedios.com\/futbol\/wp-json\/wp\/v2\/media\/488674"}],"wp:attachment":[{"href":"http:\/\/desarrollo.grupomedios.com\/futbol\/wp-json\/wp\/v2\/media?parent=489207"}],"wp:term":[{"taxonomy":"category","embeddable":true,"href":"http:\/\/desarrollo.grupomedios.com\/futbol\/wp-json\/wp\/v2\/categories?post=489207"},{"taxonomy":"post_tag","embeddable":true,"href":"http:\/\/desarrollo.grupomedios.com\/futbol\/wp-json\/wp\/v2\/tags?post=489207"}],"curies":[{"name":"wp","href":"https:\/\/api.w.org\/{rel}","templated":true}]}}