{"id":489213,"date":"2017-07-19T17:51:52","date_gmt":"2017-07-19T22:51:52","guid":{"rendered":"https:\/\/www.futboltotal.com.mx\/?p=489213"},"modified":"2017-07-19T17:51:52","modified_gmt":"2017-07-19T22:51:52","slug":"la-volpe-critico-fuerzas-basicas-de-america-y-chivas","status":"publish","type":"post","link":"http:\/\/desarrollo.grupomedios.com\/futbol\/futbol-mexicano\/la-volpe-critico-fuerzas-basicas-de-america-y-chivas\/2017\/07","title":{"rendered":"La Volpe critic\u00f3 las fuerzas inferiores de Am\u00e9rica y Chivas"},"content":{"rendered":"<p>El estratega argentino <a href=\"https:\/\/www.futboltotal.com.mx\/2017\/07\/la-volpe-afirma-rotaciones-mexico-da-a-entender-figuras\/\" target=\"_blank\" rel=\"noopener noreferrer\"><span style=\"color: #333399;\"><strong>Ricardo Antonio La Volpe<\/strong><\/span><\/a>, asegur\u00f3 que <a href=\"https:\/\/www.futboltotal.com.mx\/2017\/07\/jugadores-del-america-le-hacen-broma-a-sus-aficionados\/\" target=\"_blank\" rel=\"noopener noreferrer\"><span style=\"color: #333399;\"><strong>Am\u00e9rica<\/strong><\/span><\/a> y <a href=\"https:\/\/www.futboltotal.com.mx\/2017\/07\/en-vivo-chivas-vs-porto-super-copa-tecate\/\" target=\"_blank\" rel=\"noopener noreferrer\"><span style=\"color: #333399;\"><strong>Chivas<\/strong><\/span><\/a> no saben trabajar sus fuerzas b\u00e1sicas y prefieren invertir una fortuna en la contrataci\u00f3n de jugadores.<\/p>\n<p style=\"text-align: center;\"><a href=\"https:\/\/www.futboltotal.com.mx\/2017\/07\/cruz-azul-se-queda-sin-marca-deportiva-uniformes\/\" target=\"_blank\" rel=\"noopener noreferrer\"><span style=\"color: #333399;\">VER M\u00c1S:\u00a0Cruz Azul se queda sin marca deportiva para uniformes<\/span><\/a><\/p>\n<p>\u201cSolo por aclarar que no todos trabajan bien. Como es el caso de Chivas o Am\u00e9rica, donde sus refuerzos est\u00e1n claros. El Reba\u00f1o compra los mejores jugadores de M\u00e9xico como Alan\u00eds, Pereira, Salcido, a los mejores medios como Jos\u00e9 Juan V\u00e1zquez, Pineda, Pizarro; buscan jugadores como Brizuela, Calder\u00f3n o hasta repatriar a Pulido; y casos como L\u00f3pez, que tampoco son de su escuela, sino del CECIFUT, dando esto por supuesto un gasto de m\u00e1s de 50 millones de d\u00f3lares\u201d.<\/p>\n<p>\u201cOtros como Am\u00e9rica, Monterrey, Tigres, se llenan con extranjeros\u201d, public\u00f3 el <em>Bigot\u00f3n<\/em> en el texto &#8216;La L\u00f3gica del Futbol&#8217; que public\u00f3 en Facebook.<\/p>\n<p style=\"text-align: center;\"><a href=\"https:\/\/www.futboltotal.com.mx\/2017\/07\/ochoa-volvio-a-mantener-su-meta-en-cero-con-el-standard-lieja\/\" target=\"_blank\" rel=\"noopener noreferrer\"><span style=\"color: #333399;\">VER M\u00c1S:\u00a0Ochoa volvi\u00f3 a mantener su meta en cero con el Standard de Lieja<\/span><\/a><\/p>\n<p>Por \u00faltimo, el ext\u00e9cnico del <strong>Club Am\u00e9rica<\/strong>, asever\u00f3 que es preciso que se aprovechen las buenas camadas de futbolistas que tiene el futbol mexicano y aclar\u00f3 que no est\u00e1 en contra de fichar jugadores de otras ligas o pa\u00edses, ya que sirven de ejemplo para los j\u00f3venes.<\/p>\n","protected":false},"excerpt":{"rendered":"<p>&#8216;El Bigot\u00f3n&#8217; le tundi\u00f3 con todo a las b\u00e1sicas de Am\u00e9rica y Chivas<\/p>\n","protected":false},"author":20,"featured_media":478190,"comment_status":"closed","ping_status":"closed","sticky":false,"template":"","format":"standard","meta":[],"categories":[2198,3845],"tags":[5959,70,5966,7648,5973],"_links":{"self":[{"href":"http:\/\/desarrollo.grupomedios.com\/futbol\/wp-json\/wp\/v2\/posts\/489213"}],"collection":[{"href":"http:\/\/desarrollo.grupomedios.com\/futbol\/wp-json\/wp\/v2\/posts"}],"about":[{"href":"http:\/\/desarrollo.grupomedios.com\/futbol\/wp-json\/wp\/v2\/types\/post"}],"author":[{"embeddable":true,"href":"http:\/\/desarrollo.grupomedios.com\/futbol\/wp-json\/wp\/v2\/users\/20"}],"replies":[{"embeddable":true,"href":"http:\/\/desarrollo.grupomedios.com\/futbol\/wp-json\/wp\/v2\/comments?post=489213"}],"version-history":[{"count":1,"href":"http:\/\/desarrollo.grupomedios.com\/futbol\/wp-json\/wp\/v2\/posts\/489213\/revisions"}],"predecessor-version":[{"id":489215,"href":"http:\/\/desarrollo.grupomedios.com\/futbol\/wp-json\/wp\/v2\/posts\/489213\/revisions\/489215"}],"wp:featuredmedia":[{"embeddable":true,"href":"http:\/\/desarrollo.grupomedios.com\/futbol\/wp-json\/wp\/v2\/media\/478190"}],"wp:attachment":[{"href":"http:\/\/desarrollo.grupomedios.com\/futbol\/wp-json\/wp\/v2\/media?parent=489213"}],"wp:term":[{"taxonomy":"category","embeddable":true,"href":"http:\/\/desarrollo.grupomedios.com\/futbol\/wp-json\/wp\/v2\/categories?post=489213"},{"taxonomy":"post_tag","embeddable":true,"href":"http:\/\/desarrollo.grupomedios.com\/futbol\/wp-json\/wp\/v2\/tags?post=489213"}],"curies":[{"name":"wp","href":"https:\/\/api.w.org\/{rel}","templated":true}]}}