{"id":489217,"date":"2017-07-19T19:03:08","date_gmt":"2017-07-20T00:03:08","guid":{"rendered":"https:\/\/www.futboltotal.com.mx\/?p=489217"},"modified":"2017-07-19T19:58:34","modified_gmt":"2017-07-20T00:58:34","slug":"bombazo-pachuca-ficharia-a-oliver-atom","status":"publish","type":"post","link":"http:\/\/desarrollo.grupomedios.com\/futbol\/uncategorized\/bombazo-pachuca-ficharia-a-oliver-atom\/2017\/07","title":{"rendered":"\u00a1Bombazo! Pachuca fichar\u00eda a Oliver Atom"},"content":{"rendered":"<p><span style=\"color: #333399;\"><a style=\"color: #333399;\" href=\"https:\/\/www.futboltotal.com.mx\/2017\/07\/pachuca-quiere-sus-juegos-se-transmitan-en-japon\/\"><strong>Grupo Pachuca<\/strong><\/a><\/span> estar\u00eda negociando con el creador de la serie de los <strong>S\u00faper Campeones<\/strong>, para tener un contrato de exclusividad con <strong>Oliver Atom<\/strong>, su m\u00e1xima figura.<\/p>\n<p>Dicha idea surgi\u00f3 del exjugador nip\u00f3n <strong>Shunsuke Momose<\/strong>, quien le sugiri\u00f3 a los <em>Tuzos<\/em> que ficharan a <strong>Atom<\/strong> tras la buena respuesta y aceptaci\u00f3n que ha tenido el mercado japon\u00e9s con el club a ra\u00edz de la contrataci\u00f3n de <a href=\"https:\/\/www.futboltotal.com.mx\/2017\/07\/keisuke-honda-ya-reporto-con-pachuca\/\"><span style=\"color: #333399;\"><strong>Keisuke Honda<\/strong><\/span><\/a>.<\/p>\n<p style=\"text-align: center;\"><span style=\"color: #333399;\"><a style=\"color: #333399;\" href=\"https:\/\/www.futboltotal.com.mx\/2017\/07\/en-vivo-chivas-vs-porto-super-copa-tecate\/\" target=\"_blank\" rel=\"noopener noreferrer\">VER M\u00c1S: E<span class=\"item-title\">N VIVO | Chivas vs Porto | S\u00faper Copa Tecate<\/span><\/a><\/span><\/p>\n<p>\u201cCreo que ser\u00eda una exclusividad con el Pachuca, tener una camiseta del Pachuca y puesta en Oliver. Soy su amigo de Takahashi, lo conozco desde hace mucho tiempo, en Jap\u00f3n y mundialmente es muy famoso, incluso jugadores del Barcelona como Piqu\u00e9, Messi, ya se han visto en las caticaturas de los S\u00faper Campeones\u201d, dijo Momose.<\/p>\n<p>Por \u00faltimo, el exjugador nip\u00f3n asegur\u00f3 que la negociaci\u00f3n llegar\u00e1 a buen puerto porque a <strong>Pachuca<\/strong> le agrad\u00f3 la idea, as\u00ed como su amigo <strong>Yoichi Takahashi.<\/strong><\/p>\n<p style=\"text-align: center;\"><span style=\"color: #333399;\"><a style=\"color: #333399;\" href=\"https:\/\/www.futboltotal.com.mx\/2017\/07\/cruz-azul-se-queda-sin-marca-deportiva-uniformes\/\" target=\"_blank\" rel=\"noopener noreferrer\">VER M\u00c1S: <span class=\"item-title\">Cruz Azul se queda sin marca deportiva para uniformes<\/span><\/a><\/span><\/p>\n","protected":false},"excerpt":{"rendered":"<p>Los directivos de los Tuzos ya piensan en el fichaje de Oliver<\/p>\n","protected":false},"author":20,"featured_media":489220,"comment_status":"closed","ping_status":"closed","sticky":false,"template":"","format":"standard","meta":[],"categories":[2198,3845,1],"tags":[6092,6128,5968,5175],"_links":{"self":[{"href":"http:\/\/desarrollo.grupomedios.com\/futbol\/wp-json\/wp\/v2\/posts\/489217"}],"collection":[{"href":"http:\/\/desarrollo.grupomedios.com\/futbol\/wp-json\/wp\/v2\/posts"}],"about":[{"href":"http:\/\/desarrollo.grupomedios.com\/futbol\/wp-json\/wp\/v2\/types\/post"}],"author":[{"embeddable":true,"href":"http:\/\/desarrollo.grupomedios.com\/futbol\/wp-json\/wp\/v2\/users\/20"}],"replies":[{"embeddable":true,"href":"http:\/\/desarrollo.grupomedios.com\/futbol\/wp-json\/wp\/v2\/comments?post=489217"}],"version-history":[{"count":3,"href":"http:\/\/desarrollo.grupomedios.com\/futbol\/wp-json\/wp\/v2\/posts\/489217\/revisions"}],"predecessor-version":[{"id":489227,"href":"http:\/\/desarrollo.grupomedios.com\/futbol\/wp-json\/wp\/v2\/posts\/489217\/revisions\/489227"}],"wp:featuredmedia":[{"embeddable":true,"href":"http:\/\/desarrollo.grupomedios.com\/futbol\/wp-json\/wp\/v2\/media\/489220"}],"wp:attachment":[{"href":"http:\/\/desarrollo.grupomedios.com\/futbol\/wp-json\/wp\/v2\/media?parent=489217"}],"wp:term":[{"taxonomy":"category","embeddable":true,"href":"http:\/\/desarrollo.grupomedios.com\/futbol\/wp-json\/wp\/v2\/categories?post=489217"},{"taxonomy":"post_tag","embeddable":true,"href":"http:\/\/desarrollo.grupomedios.com\/futbol\/wp-json\/wp\/v2\/tags?post=489217"}],"curies":[{"name":"wp","href":"https:\/\/api.w.org\/{rel}","templated":true}]}}