{"id":489222,"date":"2017-07-19T19:50:54","date_gmt":"2017-07-20T00:50:54","guid":{"rendered":"https:\/\/www.futboltotal.com.mx\/?p=489222"},"modified":"2017-07-19T19:59:26","modified_gmt":"2017-07-20T00:59:26","slug":"costa-rica-primer-semifinalista-la-copa-oro","status":"publish","type":"post","link":"http:\/\/desarrollo.grupomedios.com\/futbol\/futbol-internacional\/costa-rica-primer-semifinalista-la-copa-oro\/2017\/07","title":{"rendered":"Costa Rica, el primer semifinalista de la Copa Oro"},"content":{"rendered":"<p><span id=\"ctl14_lblMostra\">Un autogol del centrocampista An\u00edbal Godoy a los 77 minutos meti\u00f3 a <strong>Costa Rica<\/strong> en semifinales de la <strong>Copa Oro<\/strong> 2017 y signific\u00f3 el triunfo por 1-0 frente a Panam\u00e1 en el partido que dio inicio a cuartos de final y que fue el primero entre ambas selecciones en el principal torneo de la Concacaf.<\/span><\/p>\n<p>El encuentro estuvo marcado por la tendencia de los dos equipos de no cometer errores antes que jugar decididamente al ataque, por lo que las acciones fueron cerradas frente a las \u00e1reas de gol.<\/p>\n<p>Los ticos avanzan a semifinales por primera vez en sus \u00faltimas cuatro participaciones en la <strong>Copa Oro<\/strong> y se medir\u00e1n en esta instancia al ganador del partido entre <strong>Estados Unidos<\/strong> y El Salvador, que se enfrentan a segunda hora.<\/p>\n<p style=\"text-align: center;\"><span id=\"ctl14_lblMostra\"><span style=\"color: #333399;\"><a style=\"color: #333399;\" href=\"https:\/\/www.futboltotal.com.mx\/2017\/07\/la-volpe-critico-fuerzas-basicas-de-america-y-chivas\/\" target=\"_blank\" rel=\"noopener noreferrer\">VER M\u00c1S: <span class=\"item-title\">La Volpe critic\u00f3 las fuerzas inferiores de Am\u00e9rica y Chivas<\/span><\/a><\/span><\/span><span id=\"ctl14_lblMostra\"><\/span><\/p>\n<p style=\"text-align: left;\"><span id=\"ctl14_lblMostra\">Panam\u00e1 queda fuera de la competici\u00f3n despu\u00e9s de haber estado en semifinales las tres ediciones pasadas.<\/span><\/p>\n<p>Con esta victoria, <strong>Costa Rica<\/strong> llega a la cifra de 25 frente a los istme\u00f1os en 46 encuentros que han jugado ambos conjuntos a lo largo de la historia.<\/p>\n<p style=\"text-align: center;\"><span style=\"color: #333399;\"><a style=\"color: #333399;\" href=\"https:\/\/www.futboltotal.com.mx\/2017\/07\/copa-oro-esta-hecha-mexico-sea-finalista-dt-honduras\/\" target=\"_blank\" rel=\"noopener noreferrer\">VER M\u00c1S: <span class=\"item-title\">Copa Oro est\u00e1 hecha para que M\u00e9xico sea finalista: DT de Honduras<\/span><\/a><\/span><\/p>\n<p>&nbsp;<\/p>\n<p>&nbsp;<\/p>\n<blockquote class=\"twitter-video\" data-lang=\"es\">\n<p dir=\"ltr\" lang=\"es\">AUTOGOL Panam\u00e1, An\u00edbal GODOY No. 20 | <a href=\"https:\/\/twitter.com\/FEDEFUTBOL_CR\">@FEDEFUTBOL_CR<\/a> <a href=\"https:\/\/twitter.com\/fepafut\">@fepafut<\/a> <a href=\"https:\/\/twitter.com\/hashtag\/CopaOro2017?src=hash\">#CopaOro2017<\/a> <a href=\"https:\/\/t.co\/CdQwb21YaD\">pic.twitter.com\/CdQwb21YaD<\/a><\/p>\n<p>\u2014 CONCACAF (@CONCACAF) <a href=\"https:\/\/twitter.com\/CONCACAF\/status\/887823353670709252\">19 de julio de 2017<\/a><\/p><\/blockquote>\n<p><script async src=\"\/\/platform.twitter.com\/widgets.js\" charset=\"utf-8\"><\/script>;<\/p>\n","protected":false},"excerpt":{"rendered":"<p>Los ticos sellaron su pase a las semis, donde esperan al ganador del EU-El Salvador<\/p>\n","protected":false},"author":144,"featured_media":489224,"comment_status":"closed","ping_status":"closed","sticky":false,"template":"","format":"standard","meta":[],"categories":[3938,3839],"tags":[7666,213,625],"_links":{"self":[{"href":"http:\/\/desarrollo.grupomedios.com\/futbol\/wp-json\/wp\/v2\/posts\/489222"}],"collection":[{"href":"http:\/\/desarrollo.grupomedios.com\/futbol\/wp-json\/wp\/v2\/posts"}],"about":[{"href":"http:\/\/desarrollo.grupomedios.com\/futbol\/wp-json\/wp\/v2\/types\/post"}],"author":[{"embeddable":true,"href":"http:\/\/desarrollo.grupomedios.com\/futbol\/wp-json\/wp\/v2\/users\/144"}],"replies":[{"embeddable":true,"href":"http:\/\/desarrollo.grupomedios.com\/futbol\/wp-json\/wp\/v2\/comments?post=489222"}],"version-history":[{"count":2,"href":"http:\/\/desarrollo.grupomedios.com\/futbol\/wp-json\/wp\/v2\/posts\/489222\/revisions"}],"predecessor-version":[{"id":489228,"href":"http:\/\/desarrollo.grupomedios.com\/futbol\/wp-json\/wp\/v2\/posts\/489222\/revisions\/489228"}],"wp:featuredmedia":[{"embeddable":true,"href":"http:\/\/desarrollo.grupomedios.com\/futbol\/wp-json\/wp\/v2\/media\/489224"}],"wp:attachment":[{"href":"http:\/\/desarrollo.grupomedios.com\/futbol\/wp-json\/wp\/v2\/media?parent=489222"}],"wp:term":[{"taxonomy":"category","embeddable":true,"href":"http:\/\/desarrollo.grupomedios.com\/futbol\/wp-json\/wp\/v2\/categories?post=489222"},{"taxonomy":"post_tag","embeddable":true,"href":"http:\/\/desarrollo.grupomedios.com\/futbol\/wp-json\/wp\/v2\/tags?post=489222"}],"curies":[{"name":"wp","href":"https:\/\/api.w.org\/{rel}","templated":true}]}}