{"id":489226,"date":"2017-07-19T22:06:59","date_gmt":"2017-07-20T03:06:59","guid":{"rendered":"https:\/\/www.futboltotal.com.mx\/?p=489226"},"modified":"2017-07-20T00:01:00","modified_gmt":"2017-07-20T05:01:00","slug":"chivas-y-porto-empatan-en-la-copa-tecate","status":"publish","type":"post","link":"http:\/\/desarrollo.grupomedios.com\/futbol\/destacado-home\/chivas-y-porto-empatan-en-la-copa-tecate\/2017\/07","title":{"rendered":"Chivas remonta al Porto y empatan en la S\u00faper Copa Tecate"},"content":{"rendered":"<p>Este mi\u00e9rcoles se llev\u00f3 a cabo el encuentro entre <strong>Chivas<\/strong> y <strong>Porto<\/strong> por la <strong>S\u00faper Copa Tecate<\/strong>, en la cancha de <strong>Estadio de Chivas<\/strong>, donde los <em>Dragones<\/em> se impusieron al &#8216;Reba\u00f1o Sagrado&#8217; por marcador de 2-2.<\/p>\n<p style=\"text-align: center;\"><span style=\"color: #333399;\"><a style=\"color: #333399;\" href=\"https:\/\/www.futboltotal.com.mx\/2017\/07\/bombazo-pachuca-ficharia-a-oliver-atom\/\" target=\"_blank\" rel=\"noopener noreferrer\">VER M\u00c1S:\u00a0\u00a1Bombazo! Pachuca fichar\u00eda a Oliver Atom<\/a><\/span><\/p>\n<p>Durante el primer tiempo <strong>Porto<\/strong> fue completamente dominador de las acciones y gener\u00f3 mayor peligro sobre la meta de <strong>Jim\u00e9nez<\/strong>, haci\u00e9ndose presente en el marcador al minuto de juego por conducto de <strong>Aboubakar<\/strong>, quien sac\u00f3 tremendo zapatazo que dej\u00f3 sin oportunidad al arquero de <strong>Chivas<\/strong>, el segundo tanto del encuentro lo hizo <strong>Monteiro<\/strong>, quien con un remate certero envi\u00f3 el bal\u00f3n al fondo de la red y puso las cosas complicadas para los pupilos de <strong>Almeyda<\/strong>.<\/p>\n<p style=\"text-align: center;\"><span style=\"color: #333399;\"><a style=\"color: #333399;\" href=\"https:\/\/www.futboltotal.com.mx\/2017\/07\/costa-rica-primer-semifinalista-la-copa-oro\/\" target=\"_blank\" rel=\"noopener noreferrer\">VER M\u00c1S:\u00a0Costa Rica, el primer semifinalista de la Copa Oro<\/a><\/span><\/p>\n<p>&nbsp;<\/p>\n<blockquote class=\"twitter-video\" data-lang=\"es\">\n<p dir=\"ltr\" lang=\"es\">Este fue el gol de Vincent Aboubakar para el Porto <a href=\"https:\/\/t.co\/H1hMkDxtRh\">pic.twitter.com\/H1hMkDxtRh<\/a><\/p>\n<p>\u2014 ChivasTV (@chivastvmx) <a href=\"https:\/\/twitter.com\/chivastvmx\/status\/887825388973432833\">20 de julio de 2017<\/a><\/p><\/blockquote>\n<p><script async src=\"\/\/platform.twitter.com\/widgets.js\" charset=\"utf-8\"><\/script><\/p>\n<p>&nbsp;<\/p>\n<blockquote class=\"twitter-video\" data-lang=\"es\">\n<p dir=\"ltr\" lang=\"es\">Con este gol de Monteiro, <a href=\"https:\/\/twitter.com\/FCPorto\">@fcporto<\/a> pone el 2-0 ante el Reba\u00f1o. <a href=\"https:\/\/t.co\/TqYywpCZ8h\">pic.twitter.com\/TqYywpCZ8h<\/a><\/p>\n<p>\u2014 ChivasTV (@chivastvmx) <a href=\"https:\/\/twitter.com\/chivastvmx\/status\/887834769135771648\">20 de julio de 2017<\/a><\/p><\/blockquote>\n<p><script async src=\"\/\/platform.twitter.com\/widgets.js\" charset=\"utf-8\"><\/script><\/p>\n<p>En la segunda mitad se vinieron diversos cambios por ambos conjuntos y Chivas nivel\u00f3 las acciones y se acerc\u00f3 con mayor peligro al \u00e1rea de los lusitanos, hasta que Mac\u00edas descont\u00f3 para los tapat\u00edos al 56&#8242;. El empate lleg\u00f3 al 83&#8242;, gracias a un fierrazo de Carlos Fierro.<\/p>\n<p>&nbsp;<\/p>\n<blockquote class=\"twitter-video\" data-lang=\"es\">\n<p dir=\"ltr\" lang=\"es\">&#x1f3a5; El gol de <a href=\"https:\/\/twitter.com\/JJMacias9\">@JJMacias9<\/a> para acortar distancias <a href=\"https:\/\/twitter.com\/hashtag\/ChivasEnVivo?src=hash\">#ChivasEnVivo<\/a> <a href=\"https:\/\/t.co\/LuCseryZAB\">pic.twitter.com\/LuCseryZAB<\/a><\/p>\n<p>\u2014 Chivas Hermanos (@chivas_hermanos) <a href=\"https:\/\/twitter.com\/chivas_hermanos\/status\/887847352429670401\">20 de julio de 2017<\/a><\/p><\/blockquote>\n<p><script async src=\"\/\/platform.twitter.com\/widgets.js\" charset=\"utf-8\"><\/script><\/p>\n<p>&nbsp;<\/p>\n<blockquote class=\"twitter-video\" data-lang=\"es\">\n<p dir=\"ltr\" lang=\"es\">Aqu\u00ed les va el Gol Gritalo Otra Vez. Goooooooool de Chivas Gol de mi Wero fierro. Minuto 85 Chivas 2 Porto 2 <a href=\"https:\/\/t.co\/VywEqnaso3\">pic.twitter.com\/VywEqnaso3<\/a><\/p>\n<p>\u2014 LOS DE CHIVAS (@LosDeChivas5) <a href=\"https:\/\/twitter.com\/LosDeChivas5\/status\/887851762710859776\">20 de julio de 2017<\/a><\/p><\/blockquote>\n<p><script async src=\"\/\/platform.twitter.com\/widgets.js\" charset=\"utf-8\"><\/script><\/p>\n<p>Porto y Chivas acordaron terminar el encuentro en empate, por lo que no hubo penales para definir al vencedor; sin embargo, todo parec\u00eda indicar conflicto entre ambos t\u00e9cnicos por la forma en c\u00f3mo se resolvi\u00f3 el encuentro.<\/p>\n<p>&nbsp;<\/p>\n<blockquote class=\"twitter-video\" data-lang=\"es\">\n<p dir=\"ltr\" lang=\"es\">Ambos t\u00e9cnicos discuten en la cancha luego de la negativa del <a href=\"https:\/\/twitter.com\/FCPorto\">@FCPorto<\/a> de definir al ganador en penales.<a href=\"https:\/\/twitter.com\/hashtag\/S%C3%BAperCopaTecate?src=hash\">#S\u00faperCopaTecate<\/a> <a href=\"https:\/\/t.co\/3flCedAxGN\">pic.twitter.com\/3flCedAxGN<\/a><\/p>\n<p>\u2014 PressPort (@PressPortmx) <a href=\"https:\/\/twitter.com\/PressPortmx\/status\/887855334437511170\">20 de julio de 2017<\/a><\/p><\/blockquote>\n<p><script async src=\"\/\/platform.twitter.com\/widgets.js\" charset=\"utf-8\"><\/script><\/p>\n<p>&nbsp;<\/p>\n<blockquote class=\"twitter-tweet\" data-lang=\"es\">\n<p dir=\"ltr\" lang=\"pt\">Por acordo das duas equipas o jogo termina empatado e n\u00e3o haver\u00e1 prolongamento nem marca\u00e7\u00e3o de grandes penalidades <a href=\"https:\/\/twitter.com\/hashtag\/FCPorto?src=hash\">#FCPorto<\/a> <a href=\"https:\/\/twitter.com\/hashtag\/SupercopaTecate?src=hash\">#SupercopaTecate<\/a><\/p>\n<p>\u2014 FC Porto (@FCPorto) <a href=\"https:\/\/twitter.com\/FCPorto\/status\/887854409488637953\">20 de julio de 2017<\/a><\/p><\/blockquote>\n<p><script async src=\"\/\/platform.twitter.com\/widgets.js\" charset=\"utf-8\"><\/script><\/p>\n","protected":false},"excerpt":{"rendered":"<p>Chivas y Porto empatan en la S\u00faper Copa Tecate<\/p>\n","protected":false},"author":20,"featured_media":489236,"comment_status":"closed","ping_status":"closed","sticky":false,"template":"","format":"standard","meta":[],"categories":[5,3839,2198,3845],"tags":[70,1208,9334],"_links":{"self":[{"href":"http:\/\/desarrollo.grupomedios.com\/futbol\/wp-json\/wp\/v2\/posts\/489226"}],"collection":[{"href":"http:\/\/desarrollo.grupomedios.com\/futbol\/wp-json\/wp\/v2\/posts"}],"about":[{"href":"http:\/\/desarrollo.grupomedios.com\/futbol\/wp-json\/wp\/v2\/types\/post"}],"author":[{"embeddable":true,"href":"http:\/\/desarrollo.grupomedios.com\/futbol\/wp-json\/wp\/v2\/users\/20"}],"replies":[{"embeddable":true,"href":"http:\/\/desarrollo.grupomedios.com\/futbol\/wp-json\/wp\/v2\/comments?post=489226"}],"version-history":[{"count":7,"href":"http:\/\/desarrollo.grupomedios.com\/futbol\/wp-json\/wp\/v2\/posts\/489226\/revisions"}],"predecessor-version":[{"id":489251,"href":"http:\/\/desarrollo.grupomedios.com\/futbol\/wp-json\/wp\/v2\/posts\/489226\/revisions\/489251"}],"wp:featuredmedia":[{"embeddable":true,"href":"http:\/\/desarrollo.grupomedios.com\/futbol\/wp-json\/wp\/v2\/media\/489236"}],"wp:attachment":[{"href":"http:\/\/desarrollo.grupomedios.com\/futbol\/wp-json\/wp\/v2\/media?parent=489226"}],"wp:term":[{"taxonomy":"category","embeddable":true,"href":"http:\/\/desarrollo.grupomedios.com\/futbol\/wp-json\/wp\/v2\/categories?post=489226"},{"taxonomy":"post_tag","embeddable":true,"href":"http:\/\/desarrollo.grupomedios.com\/futbol\/wp-json\/wp\/v2\/tags?post=489226"}],"curies":[{"name":"wp","href":"https:\/\/api.w.org\/{rel}","templated":true}]}}