{"id":489243,"date":"2017-07-19T18:34:12","date_gmt":"2017-07-19T23:34:12","guid":{"rendered":"https:\/\/www.futboltotal.com.mx\/?p=489243"},"modified":"2017-07-19T21:46:51","modified_gmt":"2017-07-20T02:46:51","slug":"necaxa-y-su-deseo-por-volver-a-ser-protagonista","status":"publish","type":"post","link":"http:\/\/desarrollo.grupomedios.com\/futbol\/destacado-home\/necaxa-y-su-deseo-por-volver-a-ser-protagonista\/2017\/07","title":{"rendered":"Necaxa y su deseo por volver al protagonismo"},"content":{"rendered":"<p><strong>Necaxa<\/strong> buscar\u00e1 volver a ser protagonista y un referente como aquel equipo de la d\u00e9cada de los 90&#8217;s, en el <strong>Apertura 2017<\/strong>, donde han tenido una serie de altibajos desde que regres\u00f3 al <em>M\u00e1ximo Circuito<\/em>.<\/p>\n<p><em>Los Hidrorayos<\/em> conformaron un equipo competitivo para el pr\u00f3ximo certamen, encabezado por el t\u00e9cnico <strong>Ignacio Ambriz, Marcelo Barovero, Claudio Ria\u00f1o<\/strong>, y sus refuerzos de lujo como <strong>Pablo Vel\u00e1zquez<\/strong> y <strong>Facundo Pereyra<\/strong>, quienes con sus goles tratar\u00e1n de meter a los Rayos a la Fiesta Grande.<\/p>\n<p style=\"text-align: center;\"><a href=\"https:\/\/www.futboltotal.com.mx\/2017\/07\/lobos-buap-presento-su-pelaje-para-el-apertura\/\" target=\"_blank\" rel=\"noopener noreferrer\"><span style=\"color: #333399;\">VER M\u00c1S:\u00a0Lobos BUAP present\u00f3 su nuevo pelaje para el Apertura 2017<\/span><\/a><\/p>\n<p>[video_player]https:\/\/player.vimeo.com\/external\/226034623.hd.mp4?s=f0d570aa4420fe5dde140f469b2727d200916af5&amp;profile_id=174[\/video_player]<\/p>\n","protected":false},"excerpt":{"rendered":"<p>Necaxa se arm\u00f3 hasta los dientes<\/p>\n","protected":false},"author":20,"featured_media":489244,"comment_status":"closed","ping_status":"closed","sticky":false,"template":"","format":"standard","meta":[],"categories":[5,2198,3845],"tags":[8357,9438,511,261],"_links":{"self":[{"href":"http:\/\/desarrollo.grupomedios.com\/futbol\/wp-json\/wp\/v2\/posts\/489243"}],"collection":[{"href":"http:\/\/desarrollo.grupomedios.com\/futbol\/wp-json\/wp\/v2\/posts"}],"about":[{"href":"http:\/\/desarrollo.grupomedios.com\/futbol\/wp-json\/wp\/v2\/types\/post"}],"author":[{"embeddable":true,"href":"http:\/\/desarrollo.grupomedios.com\/futbol\/wp-json\/wp\/v2\/users\/20"}],"replies":[{"embeddable":true,"href":"http:\/\/desarrollo.grupomedios.com\/futbol\/wp-json\/wp\/v2\/comments?post=489243"}],"version-history":[{"count":1,"href":"http:\/\/desarrollo.grupomedios.com\/futbol\/wp-json\/wp\/v2\/posts\/489243\/revisions"}],"predecessor-version":[{"id":489245,"href":"http:\/\/desarrollo.grupomedios.com\/futbol\/wp-json\/wp\/v2\/posts\/489243\/revisions\/489245"}],"wp:featuredmedia":[{"embeddable":true,"href":"http:\/\/desarrollo.grupomedios.com\/futbol\/wp-json\/wp\/v2\/media\/489244"}],"wp:attachment":[{"href":"http:\/\/desarrollo.grupomedios.com\/futbol\/wp-json\/wp\/v2\/media?parent=489243"}],"wp:term":[{"taxonomy":"category","embeddable":true,"href":"http:\/\/desarrollo.grupomedios.com\/futbol\/wp-json\/wp\/v2\/categories?post=489243"},{"taxonomy":"post_tag","embeddable":true,"href":"http:\/\/desarrollo.grupomedios.com\/futbol\/wp-json\/wp\/v2\/tags?post=489243"}],"curies":[{"name":"wp","href":"https:\/\/api.w.org\/{rel}","templated":true}]}}