{"id":489284,"date":"2017-07-20T10:37:45","date_gmt":"2017-07-20T15:37:45","guid":{"rendered":"https:\/\/www.futboltotal.com.mx\/?p=489284"},"modified":"2017-07-20T10:37:45","modified_gmt":"2017-07-20T15:37:45","slug":"atletico-madrid-sale-favorecido-venta-morata","status":"publish","type":"post","link":"http:\/\/desarrollo.grupomedios.com\/futbol\/futbol-internacional\/atletico-madrid-sale-favorecido-venta-morata\/2017\/07","title":{"rendered":"Atl\u00e9tico de Madrid tambi\u00e9n sale favorecido con venta de Morata"},"content":{"rendered":"<p>Luego que <strong>Real Madrid<\/strong> consumara la venta de <strong>\u00c1lvaro Morata<\/strong> al <strong>Chelsea<\/strong>, resulta que el <strong>Alt\u00e9tico de Madrid<\/strong> tendr\u00e1 tambi\u00e9n un beneficio por parte de esta venta.<\/p>\n<p>De acuerdo a <em>diario AS<\/em>, \u00a0el <strong>Atl\u00e9tico de Madrid<\/strong> tiene derecho a una cantidad del traspaso por derechos de formaci\u00f3n; seg\u00fan establece <strong>FIFA<\/strong>, los clubes que contribuyeron a la educaci\u00f3n y formaci\u00f3n de un jugador, deben recibir una indemnizaci\u00f3n.<\/p>\n<p style=\"text-align: center;\"><span style=\"color: #333399;\"><a style=\"color: #333399;\" href=\"https:\/\/www.futboltotal.com.mx\/2017\/07\/diego-reyes-suena-llegar-al-stuttgart\/\" target=\"_blank\" rel=\"noopener noreferrer\">VER M\u00c1S: Diego Reyes est\u00e1 muy cerca de llegar a la Bundesliga<\/a><\/span><\/p>\n<p><strong>Morata<\/strong> jug\u00f3 en categor\u00edas inferiores con el <strong>Atl\u00e9tico de Madrid<\/strong> y el <strong>Getafe<\/strong>, por lo que ambos equipos recibiran el <strong>0.25%<\/strong> de la transferencia por cada curso en el que ha militado en el club, en este caso, el <strong>Atleti<\/strong> lleva a un 1% del total por los\u00a0por los <strong>80 millones de euros<\/strong> de la venta.<\/p>\n<p style=\"text-align: center;\"><span style=\"color: #333399;\"><a style=\"color: #333399;\" href=\"https:\/\/www.futboltotal.com.mx\/2017\/07\/chicharito-sera-presentado-proximo-lunes-west-ham\/\" target=\"_blank\" rel=\"noopener noreferrer\">VER M\u00c1S: Chicharito ser\u00e1 presentado el lunes con el West Ham<\/a><\/span><\/p>\n<p>&nbsp;<\/p>\n<p>&nbsp;<\/p>\n","protected":false},"excerpt":{"rendered":"<p>El cuadro colchonero tendr\u00e1 un beneficio por la venta que realiz\u00f3 el Real Madrid<\/p>\n","protected":false},"author":20,"featured_media":486354,"comment_status":"closed","ping_status":"closed","sticky":false,"template":"","format":"standard","meta":[],"categories":[3839],"tags":[3001,6007,5981,5988],"_links":{"self":[{"href":"http:\/\/desarrollo.grupomedios.com\/futbol\/wp-json\/wp\/v2\/posts\/489284"}],"collection":[{"href":"http:\/\/desarrollo.grupomedios.com\/futbol\/wp-json\/wp\/v2\/posts"}],"about":[{"href":"http:\/\/desarrollo.grupomedios.com\/futbol\/wp-json\/wp\/v2\/types\/post"}],"author":[{"embeddable":true,"href":"http:\/\/desarrollo.grupomedios.com\/futbol\/wp-json\/wp\/v2\/users\/20"}],"replies":[{"embeddable":true,"href":"http:\/\/desarrollo.grupomedios.com\/futbol\/wp-json\/wp\/v2\/comments?post=489284"}],"version-history":[{"count":1,"href":"http:\/\/desarrollo.grupomedios.com\/futbol\/wp-json\/wp\/v2\/posts\/489284\/revisions"}],"predecessor-version":[{"id":489289,"href":"http:\/\/desarrollo.grupomedios.com\/futbol\/wp-json\/wp\/v2\/posts\/489284\/revisions\/489289"}],"wp:featuredmedia":[{"embeddable":true,"href":"http:\/\/desarrollo.grupomedios.com\/futbol\/wp-json\/wp\/v2\/media\/486354"}],"wp:attachment":[{"href":"http:\/\/desarrollo.grupomedios.com\/futbol\/wp-json\/wp\/v2\/media?parent=489284"}],"wp:term":[{"taxonomy":"category","embeddable":true,"href":"http:\/\/desarrollo.grupomedios.com\/futbol\/wp-json\/wp\/v2\/categories?post=489284"},{"taxonomy":"post_tag","embeddable":true,"href":"http:\/\/desarrollo.grupomedios.com\/futbol\/wp-json\/wp\/v2\/tags?post=489284"}],"curies":[{"name":"wp","href":"https:\/\/api.w.org\/{rel}","templated":true}]}}