{"id":489304,"date":"2017-07-20T12:14:51","date_gmt":"2017-07-20T17:14:51","guid":{"rendered":"https:\/\/www.futboltotal.com.mx\/?p=489304"},"modified":"2017-07-20T12:14:51","modified_gmt":"2017-07-20T17:14:51","slug":"apertura-2017-ultima-oportunidad-torrente-en-leon","status":"publish","type":"post","link":"http:\/\/desarrollo.grupomedios.com\/futbol\/videos\/apertura-2017-ultima-oportunidad-torrente-en-leon\/2017\/07","title":{"rendered":"Apertura 2017, \u00bf\u00faltima oportunidad de Torrente en Le\u00f3n?"},"content":{"rendered":"<p>El<strong> Le\u00f3n<\/strong> quiere volver a ser protagonista de la Liga MX y para ello tendr\u00e1 que regresar a los altos planos de la mano de <strong>Javier Torrent<\/strong>e, quien ha tenido torneos irregulares con el club.<\/p>\n<p>Los Panzas Verdes rescataron hace un a\u00f1o un torneo casi perdido y el torneo anterior perdieron la oportunidad de entrar a la Liguilla por otro mal inicio.<\/p>\n<p>Ahora <strong>Le\u00f3n<\/strong> se ha reforzado para iniciar con el pie derecho y mantener el ritmo durante el torneo para estar en la Liguilla, si no Torrente se tendr\u00e1 que despedir del conjunto <em>Esmeralda<\/em>.<\/p>\n<p style=\"text-align: center;\"><span style=\"color: #3366ff;\"><a style=\"color: #3366ff;\" href=\"https:\/\/www.futboltotal.com.mx\/2017\/07\/oficial-chicharito-deja-leverkusen-llega-al-west-ham\/\">VER M\u00c1S: OFICIAL: Chicharito deja el Leverkusen y llega al West Ham<\/a><\/span><\/p>\n<p>[video_player]https:\/\/player.vimeo.com\/external\/226169664.hd.mp4?s=0873a3f898a2b30be5b2fe0d80a82b7014d829b1&amp;profile_id=174[\/video_player]<\/p>\n","protected":false},"excerpt":{"rendered":"<p>Los Panzas Verdes quieren volver a ser protagonistas.<\/p>\n","protected":false},"author":20,"featured_media":489309,"comment_status":"closed","ping_status":"closed","sticky":false,"template":"","format":"standard","meta":[],"categories":[7570,2198,4],"tags":[9443,5965,64],"_links":{"self":[{"href":"http:\/\/desarrollo.grupomedios.com\/futbol\/wp-json\/wp\/v2\/posts\/489304"}],"collection":[{"href":"http:\/\/desarrollo.grupomedios.com\/futbol\/wp-json\/wp\/v2\/posts"}],"about":[{"href":"http:\/\/desarrollo.grupomedios.com\/futbol\/wp-json\/wp\/v2\/types\/post"}],"author":[{"embeddable":true,"href":"http:\/\/desarrollo.grupomedios.com\/futbol\/wp-json\/wp\/v2\/users\/20"}],"replies":[{"embeddable":true,"href":"http:\/\/desarrollo.grupomedios.com\/futbol\/wp-json\/wp\/v2\/comments?post=489304"}],"version-history":[{"count":1,"href":"http:\/\/desarrollo.grupomedios.com\/futbol\/wp-json\/wp\/v2\/posts\/489304\/revisions"}],"predecessor-version":[{"id":489311,"href":"http:\/\/desarrollo.grupomedios.com\/futbol\/wp-json\/wp\/v2\/posts\/489304\/revisions\/489311"}],"wp:featuredmedia":[{"embeddable":true,"href":"http:\/\/desarrollo.grupomedios.com\/futbol\/wp-json\/wp\/v2\/media\/489309"}],"wp:attachment":[{"href":"http:\/\/desarrollo.grupomedios.com\/futbol\/wp-json\/wp\/v2\/media?parent=489304"}],"wp:term":[{"taxonomy":"category","embeddable":true,"href":"http:\/\/desarrollo.grupomedios.com\/futbol\/wp-json\/wp\/v2\/categories?post=489304"},{"taxonomy":"post_tag","embeddable":true,"href":"http:\/\/desarrollo.grupomedios.com\/futbol\/wp-json\/wp\/v2\/tags?post=489304"}],"curies":[{"name":"wp","href":"https:\/\/api.w.org\/{rel}","templated":true}]}}