{"id":489327,"date":"2017-07-20T15:40:25","date_gmt":"2017-07-20T20:40:25","guid":{"rendered":"https:\/\/www.futboltotal.com.mx\/?p=489327"},"modified":"2017-07-20T15:40:25","modified_gmt":"2017-07-20T20:40:25","slug":"chicharito-tercer-mexicano-en-west-ham","status":"publish","type":"post","link":"http:\/\/desarrollo.grupomedios.com\/futbol\/futbol-internacional\/chicharito-tercer-mexicano-en-west-ham\/2017\/07","title":{"rendered":"Chicharito, el tercer &#8216;hammer&#8217; mexicano"},"content":{"rendered":"<p>El West Ham United no es un equipo desconocido para los futbolistas mexicanos. &#8216;Chicharito&#8217; se convertir\u00e1 en el tercer jugador nacional que vista la playera de los &#8220;Hammers&#8221;.<\/p>\n<p>Guillermo Franco y Pablo Barrera son los dos jugadores del balompi\u00e9 nacional que ya vistieron la casaca de la escuadra inglesa, aunque sin mucha fortuna en ambos casos.<\/p>\n<p style=\"text-align: center;\"><span style=\"color: #333399;\"><a style=\"color: #333399;\" href=\"https:\/\/www.futboltotal.com.mx\/2017\/07\/oficial-chicharito-deja-leverkusen-llega-al-west-ham\/\" target=\"_blank\" rel=\"noopener noreferrer\">VER M\u00c1S: \u00a1OFICIAL, CHICHARITO ES NUEVO FICHAJE DEL WEST HAM!<\/a><\/span><\/p>\n<p>&#8216;Chicharito&#8217; se convierte en el tercer mexicano en vestir la playera de los &#8216;Hammers&#8217;, y regresa a la Premier League despu\u00e9s de su paso con el Manchester United.<\/p>\n<p><strong>\u00bfVIVIR\u00c1 LA MISMA SUERTE &#8216;CHICHARITO&#8217; QUE SUS ANTECESORES?<\/strong><\/p>\n<p>El &#8216;Guille&#8217; fue el primero en la temporada 2009-2010. Franco tuvo s\u00f3lo cinco goles en 21 partidos disputados con West Ham, lo cual deriv\u00f3 en su salida de la instituci\u00f3n.<\/p>\n<p>Barrera tuvo una destacada actuaci\u00f3n con el Tri durante el Mundial de Sud\u00e1frica 2010, y eso lo llev\u00f3 a Europa con el equipo de los &#8216;Hammers&#8217;.<\/p>\n<p>El 9 de julio del 2010 se anunci\u00f3 su fichaje, pero al igual que &#8216;Guille&#8217; s\u00f3lo particip\u00f3 en una temporada con el West Ham.<\/p>\n<p style=\"text-align: center;\"><span style=\"color: #333399;\"><a style=\"color: #333399;\" href=\"https:\/\/www.futboltotal.com.mx\/2017\/07\/chicharito-sera-presentado-proximo-lunes-west-ham\/\" target=\"_blank\" rel=\"noopener noreferrer\">VER M\u00c1S: <span class=\"item-title\">\u00a1Chicharito ser\u00e1 presentado el pr\u00f3ximo lunes con el West Ham!<\/span><\/a><\/span><\/p>\n<blockquote class=\"twitter-tweet\" data-lang=\"es\">\n<p dir=\"ltr\" lang=\"en\">A deal has been agreed for <a href=\"https:\/\/twitter.com\/CH14_\">@CH14_<\/a><a href=\"https:\/\/t.co\/6oTXPx6VTr\">https:\/\/t.co\/6oTXPx6VTr<\/a><\/p>\n<p>\u2014 West Ham United (@WestHamUtd) <a href=\"https:\/\/twitter.com\/WestHamUtd\/status\/888073828202631168\">20 de julio de 2017<\/a><\/p><\/blockquote>\n<p><script async src=\"\/\/platform.twitter.com\/widgets.js\" charset=\"utf-8\"><\/script><\/p>\n","protected":false},"excerpt":{"rendered":"<p>El &#8216;Guille&#8217; Franco y Pablo Barrera son los futbolistas que han vestido la playera del West Ham United<\/p>\n","protected":false},"author":20,"featured_media":489352,"comment_status":"closed","ping_status":"closed","sticky":false,"template":"","format":"standard","meta":[],"categories":[3839,3846,6718],"tags":[4335,120,5985,1743,3901],"_links":{"self":[{"href":"http:\/\/desarrollo.grupomedios.com\/futbol\/wp-json\/wp\/v2\/posts\/489327"}],"collection":[{"href":"http:\/\/desarrollo.grupomedios.com\/futbol\/wp-json\/wp\/v2\/posts"}],"about":[{"href":"http:\/\/desarrollo.grupomedios.com\/futbol\/wp-json\/wp\/v2\/types\/post"}],"author":[{"embeddable":true,"href":"http:\/\/desarrollo.grupomedios.com\/futbol\/wp-json\/wp\/v2\/users\/20"}],"replies":[{"embeddable":true,"href":"http:\/\/desarrollo.grupomedios.com\/futbol\/wp-json\/wp\/v2\/comments?post=489327"}],"version-history":[{"count":2,"href":"http:\/\/desarrollo.grupomedios.com\/futbol\/wp-json\/wp\/v2\/posts\/489327\/revisions"}],"predecessor-version":[{"id":489353,"href":"http:\/\/desarrollo.grupomedios.com\/futbol\/wp-json\/wp\/v2\/posts\/489327\/revisions\/489353"}],"wp:featuredmedia":[{"embeddable":true,"href":"http:\/\/desarrollo.grupomedios.com\/futbol\/wp-json\/wp\/v2\/media\/489352"}],"wp:attachment":[{"href":"http:\/\/desarrollo.grupomedios.com\/futbol\/wp-json\/wp\/v2\/media?parent=489327"}],"wp:term":[{"taxonomy":"category","embeddable":true,"href":"http:\/\/desarrollo.grupomedios.com\/futbol\/wp-json\/wp\/v2\/categories?post=489327"},{"taxonomy":"post_tag","embeddable":true,"href":"http:\/\/desarrollo.grupomedios.com\/futbol\/wp-json\/wp\/v2\/tags?post=489327"}],"curies":[{"name":"wp","href":"https:\/\/api.w.org\/{rel}","templated":true}]}}