{"id":489336,"date":"2017-07-20T14:56:28","date_gmt":"2017-07-20T19:56:28","guid":{"rendered":"https:\/\/www.futboltotal.com.mx\/?p=489336"},"modified":"2017-07-21T09:20:32","modified_gmt":"2017-07-21T14:20:32","slug":"porto-cumplio-aficion-mexicana-super-copa-tecate","status":"publish","type":"post","link":"http:\/\/desarrollo.grupomedios.com\/futbol\/futbol-internacional\/porto-cumplio-aficion-mexicana-super-copa-tecate\/2017\/07","title":{"rendered":"Porto cumpli\u00f3 a la afici\u00f3n mexicana con la S\u00faper Copa Tecate"},"content":{"rendered":"<div dir=\"auto\">Uno de los clubes hist\u00f3ricos del futbol europeo, el <strong>Porto<\/strong>, cerr\u00f3 su gira de pretemporada por suelo mexicano como parte de la <strong>S\u00faper Copa Tecate<\/strong>.<\/div>\n<div dir=\"auto\"><\/div>\n<div dir=\"auto\"><strong>Cruz Azul<\/strong> y <strong>Chivas<\/strong> se midieron a los <em><strong>Dragones<\/strong><\/em>, equipo de la \u00e9lite europea y que cuenta con una base de jugadores mexicanos como <strong>Jes\u00fas <em>Tecatito<\/em> Corona<\/strong>, <strong>H\u00e9ctor<\/strong> <strong>Herrera<\/strong>, <strong>Miguel<\/strong> <strong>Lay\u00fan<\/strong> y <strong>Diego<\/strong> <strong>Reyes<\/strong>, lo que dej\u00f3 un buen sabor en la afici\u00f3n azteca.<\/div>\n<div dir=\"auto\"><\/div>\n<div dir=\"auto\">Pese a que los lusitanos s\u00f3lo pudieron sacar dos empates (el primero adem\u00e1s con derrota ante <em>La M\u00e1quina<\/em> en la tanda de penaltis), el cuadro dirigido por <strong>Sergio<\/strong> <strong>Concei\u00e7ao<\/strong> por momentos mostr\u00f3 buen futbol en esta fase de su pretemporada.<\/div>\n<div dir=\"auto\"><\/div>\n<div dir=\"auto\">Los fans mexicanos disfrutaron en directo a figuras de la talla del espa\u00f1ol campe\u00f3n del mundo\u00a0<strong>Iker<\/strong> <strong>Casillas<\/strong>, el atacante camerun\u00e9s <strong>Vincent<\/strong> <strong>Aboubakar<\/strong>\u00a0o <strong>Bruno<\/strong> <strong>Martins<\/strong> <strong>Indi<\/strong>.<\/div>\n<div><\/div>\n<div>Con ello, la <strong>S\u00faper<\/strong> <strong>Copa<\/strong> <strong>Tecate<\/strong> permiti\u00f3 a los mexicanos disfrutar de un \u00a0grande como el <strong>Porto<\/strong>. \u00a1Gracias, Dragones!<\/div>\n<div>\n<p class=\"p1\"><span class=\"s1\">[video_player]https:\/\/player.vimeo.com\/external\/226348857.hd.mp4?s=61a11bf03e04eca04d31422014820cef3b25f96e&amp;profile_id=174|wide\u00a0[\/video_player]<\/span><\/p>\n<\/div>\n","protected":false},"excerpt":{"rendered":"<p>Los Dragones y su armada mexicana cumplieron su visita a suelo azteca.<\/p>\n","protected":false},"author":20,"featured_media":489337,"comment_status":"closed","ping_status":"closed","sticky":false,"template":"","format":"standard","meta":[],"categories":[3839],"tags":[9445,70,5962,65,1208,9334],"_links":{"self":[{"href":"http:\/\/desarrollo.grupomedios.com\/futbol\/wp-json\/wp\/v2\/posts\/489336"}],"collection":[{"href":"http:\/\/desarrollo.grupomedios.com\/futbol\/wp-json\/wp\/v2\/posts"}],"about":[{"href":"http:\/\/desarrollo.grupomedios.com\/futbol\/wp-json\/wp\/v2\/types\/post"}],"author":[{"embeddable":true,"href":"http:\/\/desarrollo.grupomedios.com\/futbol\/wp-json\/wp\/v2\/users\/20"}],"replies":[{"embeddable":true,"href":"http:\/\/desarrollo.grupomedios.com\/futbol\/wp-json\/wp\/v2\/comments?post=489336"}],"version-history":[{"count":1,"href":"http:\/\/desarrollo.grupomedios.com\/futbol\/wp-json\/wp\/v2\/posts\/489336\/revisions"}],"predecessor-version":[{"id":489340,"href":"http:\/\/desarrollo.grupomedios.com\/futbol\/wp-json\/wp\/v2\/posts\/489336\/revisions\/489340"}],"wp:featuredmedia":[{"embeddable":true,"href":"http:\/\/desarrollo.grupomedios.com\/futbol\/wp-json\/wp\/v2\/media\/489337"}],"wp:attachment":[{"href":"http:\/\/desarrollo.grupomedios.com\/futbol\/wp-json\/wp\/v2\/media?parent=489336"}],"wp:term":[{"taxonomy":"category","embeddable":true,"href":"http:\/\/desarrollo.grupomedios.com\/futbol\/wp-json\/wp\/v2\/categories?post=489336"},{"taxonomy":"post_tag","embeddable":true,"href":"http:\/\/desarrollo.grupomedios.com\/futbol\/wp-json\/wp\/v2\/tags?post=489336"}],"curies":[{"name":"wp","href":"https:\/\/api.w.org\/{rel}","templated":true}]}}