{"id":489341,"date":"2017-07-20T15:12:17","date_gmt":"2017-07-20T20:12:17","guid":{"rendered":"https:\/\/www.futboltotal.com.mx\/?p=489341"},"modified":"2017-07-20T17:45:35","modified_gmt":"2017-07-20T22:45:35","slug":"estos-4-delanteros-seran-la-competencia-chicharito","status":"publish","type":"post","link":"http:\/\/desarrollo.grupomedios.com\/futbol\/destacado-home\/estos-4-delanteros-seran-la-competencia-chicharito\/2017\/07","title":{"rendered":"Estos 4 delanteros ser\u00e1n competencia de Chicharito en West Ham"},"content":{"rendered":"<p>Luego de la llegada de <strong>Chicharito<\/strong> al <strong>West Ham<\/strong>, estos ser\u00edan los delanteros con los que competir\u00eda por el puesto en el frente del ataque.<\/p>\n<p><strong>Andr\u00e9 Ayew<\/strong><\/p>\n<p><a href=\"https:\/\/www.futboltotal.com.mx\/wp-content\/uploads\/2017\/07\/ayew.jpg\"><img decoding=\"async\" loading=\"lazy\" class=\"size-full wp-image-489343 alignnone\" src=\"https:\/\/www.futboltotal.com.mx\/wp-content\/uploads\/2017\/07\/ayew.jpg\" alt=\"Estos 4 delanteros ser\u00e1n competencia de Chicharito en West Ham 0\" srcset=\"http:\/\/desarrollo.grupomedios.com\/futbol\/wp-content\/uploads\/2017\/07\/ayew.jpg 798w, http:\/\/desarrollo.grupomedios.com\/futbol\/wp-content\/uploads\/2017\/07\/ayew-300x245.jpg 300w, http:\/\/desarrollo.grupomedios.com\/futbol\/wp-content\/uploads\/2017\/07\/ayew-768x627.jpg 768w\" sizes=\"(max-width: 798px) 100vw, 798px\" \/><\/a><\/p>\n<p>El futbolista de Ghana apenas lleg\u00f3 a la instituci\u00f3n en 2016, durante la temporada pasada jug\u00f3 25 partidos y anot\u00f3<strong> 6 goles<\/strong>.<\/p>\n<p>Al igual que <strong>Chicharito<\/strong>, el delantero de 27 a\u00f1os, ha tenido experiencia en la Premier League, pues antes jug\u00f3 con el <strong>Swansea City<\/strong>.<\/p>\n<p><strong>Diafra Sakho<\/strong><\/p>\n<p><a href=\"https:\/\/www.futboltotal.com.mx\/wp-content\/uploads\/2017\/07\/sakho.jpg\"><img decoding=\"async\" loading=\"lazy\" class=\"alignnone size-full wp-image-489344\" src=\"https:\/\/www.futboltotal.com.mx\/wp-content\/uploads\/2017\/07\/sakho.jpg\" alt=\"Estos 4 delanteros ser\u00e1n competencia de Chicharito en West Ham 1\" srcset=\"http:\/\/desarrollo.grupomedios.com\/futbol\/wp-content\/uploads\/2017\/07\/sakho.jpg 722w, http:\/\/desarrollo.grupomedios.com\/futbol\/wp-content\/uploads\/2017\/07\/sakho-300x273.jpg 300w\" sizes=\"(max-width: 722px) 100vw, 722px\" \/><\/a><\/p>\n<p>El delantero de Senegal ha sido parte del club desde 2014 y tiene <strong>16 anotaciones<\/strong> en su estancia en el club.<\/p>\n<p>Sin embargo, el delantero de 27 a\u00f1os s\u00f3lo jug\u00f3 4 partidos en la \u00faltima temporada y <strong>anot\u00f3 un gol<\/strong>.<\/p>\n<p><strong>Andy Carroll<\/strong><\/p>\n<p><a href=\"https:\/\/www.futboltotal.com.mx\/wp-content\/uploads\/2017\/07\/carroll.jpg\"><img decoding=\"async\" loading=\"lazy\" class=\"alignnone size-full wp-image-489345\" src=\"https:\/\/www.futboltotal.com.mx\/wp-content\/uploads\/2017\/07\/carroll.jpg\" alt=\"Estos 4 delanteros ser\u00e1n competencia de Chicharito en West Ham 2\" srcset=\"http:\/\/desarrollo.grupomedios.com\/futbol\/wp-content\/uploads\/2017\/07\/carroll.jpg 672w, http:\/\/desarrollo.grupomedios.com\/futbol\/wp-content\/uploads\/2017\/07\/carroll-300x290.jpg 300w\" sizes=\"(max-width: 672px) 100vw, 672px\" \/><\/a><\/p>\n<p>El delantero ingl\u00e9s lleva en la instituci\u00f3n desde el a\u00f1o 2012 y ha logrado anotar <strong>30 goles<\/strong> en su estancia con los Hammers.<\/p>\n<p>En la \u00faltima temporada, el delantero de 28 a\u00f1os, disput\u00f3 18 partidos y anot\u00f3 <strong>7 goles<\/strong>.<\/p>\n<p><strong>Ashley Fletcher<\/strong><\/p>\n<p><a href=\"https:\/\/www.futboltotal.com.mx\/wp-content\/uploads\/2017\/07\/fletcher.jpg\"><img decoding=\"async\" loading=\"lazy\" class=\"alignnone size-full wp-image-489346\" src=\"https:\/\/www.futboltotal.com.mx\/wp-content\/uploads\/2017\/07\/fletcher.jpg\" alt=\"Estos 4 delanteros ser\u00e1n competencia de Chicharito en West Ham 3\" srcset=\"http:\/\/desarrollo.grupomedios.com\/futbol\/wp-content\/uploads\/2017\/07\/fletcher.jpg 734w, http:\/\/desarrollo.grupomedios.com\/futbol\/wp-content\/uploads\/2017\/07\/fletcher-300x266.jpg 300w\" sizes=\"(max-width: 734px) 100vw, 734px\" \/><\/a><\/p>\n<p>El delantero ingl\u00e9s ha jugado desde 2016 con el West Ham, ha disputado 26 partidos y ha anotado solamente <strong>un gol<\/strong>.<\/p>\n<p>En la \u00faltima temporada, el joven de 21 a\u00f1os, jugo 16 partidos y <strong>no logr\u00f3 anotar<\/strong> en ninguna ocasi\u00f3n<\/p>\n<p>&nbsp;<\/p>\n","protected":false},"excerpt":{"rendered":"<p>El delantero mexicano buscar\u00e1 ganarse un puesto en el once titular del equipo, pero tendr\u00e1 competencia<\/p>\n","protected":false},"author":159,"featured_media":481050,"comment_status":"closed","ping_status":"closed","sticky":false,"template":"","format":"standard","meta":[],"categories":[5,3839,6718],"tags":[120,549,334,3901],"_links":{"self":[{"href":"http:\/\/desarrollo.grupomedios.com\/futbol\/wp-json\/wp\/v2\/posts\/489341"}],"collection":[{"href":"http:\/\/desarrollo.grupomedios.com\/futbol\/wp-json\/wp\/v2\/posts"}],"about":[{"href":"http:\/\/desarrollo.grupomedios.com\/futbol\/wp-json\/wp\/v2\/types\/post"}],"author":[{"embeddable":true,"href":"http:\/\/desarrollo.grupomedios.com\/futbol\/wp-json\/wp\/v2\/users\/159"}],"replies":[{"embeddable":true,"href":"http:\/\/desarrollo.grupomedios.com\/futbol\/wp-json\/wp\/v2\/comments?post=489341"}],"version-history":[{"count":3,"href":"http:\/\/desarrollo.grupomedios.com\/futbol\/wp-json\/wp\/v2\/posts\/489341\/revisions"}],"predecessor-version":[{"id":489387,"href":"http:\/\/desarrollo.grupomedios.com\/futbol\/wp-json\/wp\/v2\/posts\/489341\/revisions\/489387"}],"wp:featuredmedia":[{"embeddable":true,"href":"http:\/\/desarrollo.grupomedios.com\/futbol\/wp-json\/wp\/v2\/media\/481050"}],"wp:attachment":[{"href":"http:\/\/desarrollo.grupomedios.com\/futbol\/wp-json\/wp\/v2\/media?parent=489341"}],"wp:term":[{"taxonomy":"category","embeddable":true,"href":"http:\/\/desarrollo.grupomedios.com\/futbol\/wp-json\/wp\/v2\/categories?post=489341"},{"taxonomy":"post_tag","embeddable":true,"href":"http:\/\/desarrollo.grupomedios.com\/futbol\/wp-json\/wp\/v2\/tags?post=489341"}],"curies":[{"name":"wp","href":"https:\/\/api.w.org\/{rel}","templated":true}]}}