{"id":489354,"date":"2017-07-20T15:57:42","date_gmt":"2017-07-20T20:57:42","guid":{"rendered":"https:\/\/www.futboltotal.com.mx\/?p=489354"},"modified":"2017-07-20T15:58:42","modified_gmt":"2017-07-20T20:58:42","slug":"kun-aguero-intercambia-jersey-estrella-la-nfl","status":"publish","type":"post","link":"http:\/\/desarrollo.grupomedios.com\/futbol\/cambio-de-juego\/kun-aguero-intercambia-jersey-estrella-la-nfl\/2017\/07","title":{"rendered":"Kun Ag\u00fcero intercambia jersey con estrella de la NFL"},"content":{"rendered":"<p>El delantero del <strong>Manchester City<\/strong>, <strong>Sergio Kun Ag\u00fcero<\/strong> intercambi\u00f3 jersey con una de las estrellas de los <strong>Texanos de Houston<\/strong>.<\/p>\n<p style=\"text-align: center;\"><span style=\"color: #333399;\"><a style=\"color: #333399;\" href=\"https:\/\/www.futboltotal.com.mx\/2017\/07\/barcelona-psg-quieren-a-jugador-del-inter\/\" target=\"_blank\" rel=\"noopener noreferrer\">VER M\u00c1S: El jugador del Inter de Milan que quiere el PSG y Barcelona<\/a><\/span><\/p>\n<p>El defensivo, <strong>J.J. Watt<\/strong> fue quien intercambi\u00f3 camiseta con el delantero argentino, pues el equipo ingl\u00e9s se encuentra haciendo partidos de pretemporada en Estados Unidos.<\/p>\n<blockquote class=\"twitter-tweet\" data-lang=\"es\">\n<p dir=\"ltr\" lang=\"en\">Mi encuentro con\/\/My encounter with <a href=\"https:\/\/twitter.com\/JJWatt\">@JJWatt<\/a> \u26bd\ufe0f&#x1f3c8; <a href=\"https:\/\/twitter.com\/HoustonTexans\">@HoustonTexans<\/a> <a href=\"https:\/\/t.co\/aNvNEM4eZ8\">pic.twitter.com\/aNvNEM4eZ8<\/a><\/p>\n<p>\u2014 Sergio Kun Aguero (@aguerosergiokun) <a href=\"https:\/\/twitter.com\/aguerosergiokun\/status\/887820899382173696\">19 de julio de 2017<\/a><\/p><\/blockquote>\n<p><script async src=\"\/\/platform.twitter.com\/widgets.js\" charset=\"utf-8\"><\/script><\/p>\n<p>Un hecho que provoc\u00f3 algunas risas, es que a <strong>Watt<\/strong> le ven\u00eda muy ajustado el jersey del <strong>Manchester City<\/strong>, en cambio el de los <strong>Texanos<\/strong> result\u00f3 muy grande para Ag\u00fcero; adem\u00e1s que se vio la gran diferencia que existe entre ambos jugadores.<\/p>\n<p>Ambos compartieron el momento a trav\u00e9s de sus redes sociales. <strong>J.J. Watt<\/strong> presumi\u00f3 su jersey con el n\u00famero 99, mientras que el <strong>Kun<\/strong> lo hizo con su cl\u00e1sico 10 del <strong>City<\/strong>.<\/p>\n<blockquote class=\"twitter-tweet\" data-lang=\"es\">\n<p dir=\"ltr\" lang=\"es\">Buen dia con mi amigo <a href=\"https:\/\/twitter.com\/aguerosergiokun\">@aguerosergiokun<\/a>.<br \/>\n\u26bd\ufe0f\u26bd\ufe0f\u26bd\ufe0f <a href=\"https:\/\/t.co\/SrRionTT4h\">pic.twitter.com\/SrRionTT4h<\/a><\/p>\n<p>\u2014 JJ Watt (@JJWatt) <a href=\"https:\/\/twitter.com\/JJWatt\/status\/887832578396479493\">20 de julio de 2017<\/a><\/p><\/blockquote>\n<p><script async src=\"\/\/platform.twitter.com\/widgets.js\" charset=\"utf-8\"><\/script><\/p>\n<p style=\"text-align: center;\"><span style=\"color: #333399;\"><a style=\"color: #333399;\" href=\"https:\/\/www.futboltotal.com.mx\/2017\/07\/atletico-madrid-sale-favorecido-venta-morata\/\" target=\"_blank\" rel=\"noopener noreferrer\">VER M\u00c1S: Atl\u00e9tico de Madrid se llev\u00f3 dinero por el traspaso de Morata<\/a><\/span><\/p>\n<p>&nbsp;<\/p>\n","protected":false},"excerpt":{"rendered":"<p>El delantero del Manchester City pos\u00f3 junto al defensivo de los Texanos de Houston<\/p>\n","protected":false},"author":20,"featured_media":401378,"comment_status":"closed","ping_status":"closed","sticky":false,"template":"","format":"standard","meta":[],"categories":[5419],"tags":[9447,148,5993,5992,9446],"_links":{"self":[{"href":"http:\/\/desarrollo.grupomedios.com\/futbol\/wp-json\/wp\/v2\/posts\/489354"}],"collection":[{"href":"http:\/\/desarrollo.grupomedios.com\/futbol\/wp-json\/wp\/v2\/posts"}],"about":[{"href":"http:\/\/desarrollo.grupomedios.com\/futbol\/wp-json\/wp\/v2\/types\/post"}],"author":[{"embeddable":true,"href":"http:\/\/desarrollo.grupomedios.com\/futbol\/wp-json\/wp\/v2\/users\/20"}],"replies":[{"embeddable":true,"href":"http:\/\/desarrollo.grupomedios.com\/futbol\/wp-json\/wp\/v2\/comments?post=489354"}],"version-history":[{"count":2,"href":"http:\/\/desarrollo.grupomedios.com\/futbol\/wp-json\/wp\/v2\/posts\/489354\/revisions"}],"predecessor-version":[{"id":489359,"href":"http:\/\/desarrollo.grupomedios.com\/futbol\/wp-json\/wp\/v2\/posts\/489354\/revisions\/489359"}],"wp:featuredmedia":[{"embeddable":true,"href":"http:\/\/desarrollo.grupomedios.com\/futbol\/wp-json\/wp\/v2\/media\/401378"}],"wp:attachment":[{"href":"http:\/\/desarrollo.grupomedios.com\/futbol\/wp-json\/wp\/v2\/media?parent=489354"}],"wp:term":[{"taxonomy":"category","embeddable":true,"href":"http:\/\/desarrollo.grupomedios.com\/futbol\/wp-json\/wp\/v2\/categories?post=489354"},{"taxonomy":"post_tag","embeddable":true,"href":"http:\/\/desarrollo.grupomedios.com\/futbol\/wp-json\/wp\/v2\/tags?post=489354"}],"curies":[{"name":"wp","href":"https:\/\/api.w.org\/{rel}","templated":true}]}}