{"id":489356,"date":"2017-07-20T16:03:17","date_gmt":"2017-07-20T21:03:17","guid":{"rendered":"https:\/\/www.futboltotal.com.mx\/?p=489356"},"modified":"2017-07-20T16:03:17","modified_gmt":"2017-07-20T21:03:17","slug":"las-exigencias-de-keisuke-honda-para-fichar-con-pachuca","status":"publish","type":"post","link":"http:\/\/desarrollo.grupomedios.com\/futbol\/futbol-mexicano\/las-exigencias-de-keisuke-honda-para-fichar-con-pachuca\/2017\/07","title":{"rendered":"Las exigencias de Keisuke Honda para fichar con Pachuca"},"content":{"rendered":"<p>La contrataci\u00f3n de<a href=\"https:\/\/www.futboltotal.com.mx\/2017\/07\/keisuke-honda-ya-reporto-con-pachuca\/\" target=\"_blank\" rel=\"noopener noreferrer\"><span style=\"color: #333399;\"><strong> Keisuke Honda<\/strong><\/span><\/a> con <a href=\"https:\/\/www.futboltotal.com.mx\/2017\/07\/pachuca-suma-argentino-mundial-clubes\/\" target=\"_blank\" rel=\"noopener noreferrer\"><span style=\"color: #333399;\"><strong>Pachuca<\/strong><\/span><\/a> ha sido todo un \u2018bombazo\u2019 para el futbol mexicano y desencaden\u00f3 la fiebre nipona en la <em>Bella Airosa<\/em> durante la presentaci\u00f3n del exjugador del <a href=\"https:\/\/www.futboltotal.com.mx\/2017\/07\/milan-confirma-interes-morata-sus-condiciones\/\" target=\"_blank\" rel=\"noopener noreferrer\"><span style=\"color: #333399;\"><strong>AC Milan<\/strong>.<\/span><\/a><\/p>\n<p style=\"text-align: center;\"><a href=\"https:\/\/www.futboltotal.com.mx\/2017\/07\/chicharito-tercer-mexicano-en-west-ham\/\" target=\"_blank\" rel=\"noopener noreferrer\"><span style=\"color: #333399;\">VER M\u00c1S:\u00a0Chicharito, el tercer \u2018hammer\u2019 mexicano<\/span><\/a><\/p>\n<p>Sin embargo, muchas fueron las exigencias del jugador asi\u00e1tico para poder fichar con el conjunto hidalguense. Durante su estancia con los Tuzos siempre le acompa\u00f1aran tres agentes de seguridad, elementos que fueron tra\u00eddos desde el extranjero y que lo acompa\u00f1an desde su paso por el <strong>Milan<\/strong>, un traductor que le ayude a poder comunicarse y su propio preparador f\u00edsico, quien tendr\u00e1 la obligaci\u00f3n de mantenerlo en forma hasta que se adecue a la altura de <strong>Pachuca<\/strong> y se pueda unir al resto de sus compa\u00f1eros, por \u00faltimo, <a href=\"https:\/\/www.futboltotal.com.mx\/2017\/06\/jesus-martinez-la-venta-del-chucky-transferencia-record\/\" target=\"_blank\" rel=\"noopener noreferrer\"><span style=\"color: #333399;\"><strong>Jes\u00fas Mart\u00ednez<\/strong><\/span><\/a> le prometi\u00f3 un chef personal.<\/p>\n<p style=\"text-align: center;\"><a href=\"https:\/\/www.futboltotal.com.mx\/2017\/07\/unai-emery-pidio-a-alexis-sanchez-en-el-psg\/\" target=\"_blank\" rel=\"noopener noreferrer\"><span style=\"color: #333399;\">VER M\u00c1S:\u00a0Unai Emery pidi\u00f3 a Alexis S\u00e1nchez para la delantera del PSG<\/span><\/a><\/p>\n<p>Dif\u00edcilmente <strong>Honda<\/strong> ver\u00e1 acci\u00f3n el pr\u00f3ximo domingo ante los <span style=\"color: #333399;\"><a style=\"color: #333399;\" href=\"https:\/\/www.futboltotal.com.mx\/2017\/07\/pumas-y-nike-presentaron-la-nueva-piel-universitaria\/\" target=\"_blank\" rel=\"noopener noreferrer\"><strong>Pumas<\/strong><\/a><\/span> de la <strong>UNAM<\/strong> en <strong>Ciudad Universitaria<\/strong>, ya que a\u00fan debe ponerse a tono f\u00edsico para poder ser contemplado por <strong><a href=\"https:\/\/www.futboltotal.com.mx\/2017\/05\/diego-alonso-renueva-contrato-pachuca\/\" target=\"_blank\" rel=\"noopener noreferrer\"><span style=\"color: #333399;\">Diego Alonso<\/span><\/a>.<\/strong><\/p>\n","protected":false},"excerpt":{"rendered":"<p>Sali\u00f3 exigente el S\u00faper Campe\u00f3n de los Tuzos<\/p>\n","protected":false},"author":20,"featured_media":488686,"comment_status":"closed","ping_status":"closed","sticky":false,"template":"","format":"standard","meta":[],"categories":[2198,3845],"tags":[1630,8589,654,6092,5968],"_links":{"self":[{"href":"http:\/\/desarrollo.grupomedios.com\/futbol\/wp-json\/wp\/v2\/posts\/489356"}],"collection":[{"href":"http:\/\/desarrollo.grupomedios.com\/futbol\/wp-json\/wp\/v2\/posts"}],"about":[{"href":"http:\/\/desarrollo.grupomedios.com\/futbol\/wp-json\/wp\/v2\/types\/post"}],"author":[{"embeddable":true,"href":"http:\/\/desarrollo.grupomedios.com\/futbol\/wp-json\/wp\/v2\/users\/20"}],"replies":[{"embeddable":true,"href":"http:\/\/desarrollo.grupomedios.com\/futbol\/wp-json\/wp\/v2\/comments?post=489356"}],"version-history":[{"count":1,"href":"http:\/\/desarrollo.grupomedios.com\/futbol\/wp-json\/wp\/v2\/posts\/489356\/revisions"}],"predecessor-version":[{"id":489360,"href":"http:\/\/desarrollo.grupomedios.com\/futbol\/wp-json\/wp\/v2\/posts\/489356\/revisions\/489360"}],"wp:featuredmedia":[{"embeddable":true,"href":"http:\/\/desarrollo.grupomedios.com\/futbol\/wp-json\/wp\/v2\/media\/488686"}],"wp:attachment":[{"href":"http:\/\/desarrollo.grupomedios.com\/futbol\/wp-json\/wp\/v2\/media?parent=489356"}],"wp:term":[{"taxonomy":"category","embeddable":true,"href":"http:\/\/desarrollo.grupomedios.com\/futbol\/wp-json\/wp\/v2\/categories?post=489356"},{"taxonomy":"post_tag","embeddable":true,"href":"http:\/\/desarrollo.grupomedios.com\/futbol\/wp-json\/wp\/v2\/tags?post=489356"}],"curies":[{"name":"wp","href":"https:\/\/api.w.org\/{rel}","templated":true}]}}