{"id":489386,"date":"2017-07-20T18:23:59","date_gmt":"2017-07-20T23:23:59","guid":{"rendered":"https:\/\/www.futboltotal.com.mx\/?p=489386"},"modified":"2017-07-20T18:23:59","modified_gmt":"2017-07-20T23:23:59","slug":"leverkusen-despide-a-chicharito-crack","status":"publish","type":"post","link":"http:\/\/desarrollo.grupomedios.com\/futbol\/futbol-internacional\/leverkusen-despide-a-chicharito-crack\/2017\/07","title":{"rendered":"Leverkusen despide a Chicharito como &#8216;crack&#8217;"},"content":{"rendered":"<p>El <strong>Bayer Leverkusen<\/strong> despidi\u00f3 de una forma muy emotiva al &#8216;<strong>Chicharito<\/strong>&#8216;, despu\u00e9s de que se anunciara su fichaje con el <strong>West Ham United<\/strong> de la Premier League de Inglaterra.<\/p>\n<p>El cuadro alem\u00e1n destac\u00f3 el gran trabajo que tuvo Javier Hern\u00e1ndez con la escuadra de &#8216;Las Aspirinas&#8217; y public\u00f3 el siguiente mensaje de despedida para el futbolista mexicano.<\/p>\n<p>&nbsp;<\/p>\n<blockquote class=\"twitter-tweet\" data-lang=\"es\">\n<p dir=\"ltr\" lang=\"es\">Llegaste como \u00eddolo, te fuiste como <a href=\"https:\/\/twitter.com\/hashtag\/Bayer04Leyenda?src=hash\">#Bayer04Leyenda<\/a> \u26ab\ufe0f<a href=\"https:\/\/twitter.com\/hashtag\/GraciasChicharito?src=hash\">#GraciasChicharito<\/a>  <a href=\"https:\/\/t.co\/ZpyYvwY2Td\">pic.twitter.com\/ZpyYvwY2Td<\/a><\/p>\n<p>\u2014 Bayer 04 Leverkusen (@bayer04_es) <a href=\"https:\/\/twitter.com\/bayer04_es\/status\/888164908663271430\">20 de julio de 2017<\/a><\/p><\/blockquote>\n<p><script async src=\"\/\/platform.twitter.com\/widgets.js\" charset=\"utf-8\"><\/script><\/p>\n<p>El &#8216;Chicharito&#8217; vivi\u00f3 su mejor etapa profesional con los alemanes, pese a haber militado en escuadras como Manchester United o Real Madrid.<\/p>\n<p>Con la escuadra alemana, Hern\u00e1ndez logr\u00f3 39 goles en dos a\u00f1os, superando los 29 con el United.<\/p>\n<p style=\"text-align: center;\"><span style=\"color: #333399;\"><a style=\"color: #333399;\" href=\"https:\/\/www.futboltotal.com.mx\/2017\/07\/oficial-chicharito-deja-leverkusen-llega-al-west-ham\/\" target=\"_blank\" rel=\"noopener noreferrer\">VER M\u00c1S: <span class=\"item-title\">OFICIAL: Chicharito deja el Leverkusen y llega al West Ham<\/span><\/a><\/span><\/p>\n<blockquote class=\"twitter-video\" data-lang=\"es\">\n<p dir=\"ltr\" lang=\"es\">\u00a1Juntos gritamos 39 <a href=\"https:\/\/twitter.com\/hashtag\/Chicharitooor?src=hash\">#Chicharitooor<\/a> en 76 partidos de competici\u00f3n! <\/p>\n<p>\u00a1<a href=\"https:\/\/twitter.com\/hashtag\/GraciasChicharito?src=hash\">#GraciasChicharito<\/a>, te convertiste en <a href=\"https:\/\/twitter.com\/hashtag\/Bayer04Leyenda?src=hash\">#Bayer04Leyenda<\/a>! \u26ab\ufe0f\u2764\ufe0f <a href=\"https:\/\/t.co\/0kZB9GY9yR\">pic.twitter.com\/0kZB9GY9yR<\/a><\/p>\n<p>\u2014 Bayer 04 Leverkusen (@bayer04_es) <a href=\"https:\/\/twitter.com\/bayer04_es\/status\/888095091289706496\">20 de julio de 2017<\/a><\/p><\/blockquote>\n<p><script async src=\"\/\/platform.twitter.com\/widgets.js\" charset=\"utf-8\"><\/script><\/p>\n","protected":false},"excerpt":{"rendered":"<p>El futbolista mexicano fue despedido de manera c\u00e1lida por la escuadra alemana, donde vivi\u00f3 sus mejores momentos como profesional<\/p>\n","protected":false},"author":20,"featured_media":489393,"comment_status":"closed","ping_status":"closed","sticky":false,"template":"","format":"standard","meta":[],"categories":[3839,3846,6718],"tags":[4335,120,5985,3901],"_links":{"self":[{"href":"http:\/\/desarrollo.grupomedios.com\/futbol\/wp-json\/wp\/v2\/posts\/489386"}],"collection":[{"href":"http:\/\/desarrollo.grupomedios.com\/futbol\/wp-json\/wp\/v2\/posts"}],"about":[{"href":"http:\/\/desarrollo.grupomedios.com\/futbol\/wp-json\/wp\/v2\/types\/post"}],"author":[{"embeddable":true,"href":"http:\/\/desarrollo.grupomedios.com\/futbol\/wp-json\/wp\/v2\/users\/20"}],"replies":[{"embeddable":true,"href":"http:\/\/desarrollo.grupomedios.com\/futbol\/wp-json\/wp\/v2\/comments?post=489386"}],"version-history":[{"count":1,"href":"http:\/\/desarrollo.grupomedios.com\/futbol\/wp-json\/wp\/v2\/posts\/489386\/revisions"}],"predecessor-version":[{"id":489394,"href":"http:\/\/desarrollo.grupomedios.com\/futbol\/wp-json\/wp\/v2\/posts\/489386\/revisions\/489394"}],"wp:featuredmedia":[{"embeddable":true,"href":"http:\/\/desarrollo.grupomedios.com\/futbol\/wp-json\/wp\/v2\/media\/489393"}],"wp:attachment":[{"href":"http:\/\/desarrollo.grupomedios.com\/futbol\/wp-json\/wp\/v2\/media?parent=489386"}],"wp:term":[{"taxonomy":"category","embeddable":true,"href":"http:\/\/desarrollo.grupomedios.com\/futbol\/wp-json\/wp\/v2\/categories?post=489386"},{"taxonomy":"post_tag","embeddable":true,"href":"http:\/\/desarrollo.grupomedios.com\/futbol\/wp-json\/wp\/v2\/tags?post=489386"}],"curies":[{"name":"wp","href":"https:\/\/api.w.org\/{rel}","templated":true}]}}