{"id":489423,"date":"2017-07-20T20:46:09","date_gmt":"2017-07-21T01:46:09","guid":{"rendered":"https:\/\/www.futboltotal.com.mx\/?p=489423"},"modified":"2017-07-20T20:46:09","modified_gmt":"2017-07-21T01:46:09","slug":"jorge-vergara-prometio-la-treceava-estrella-para-chivas","status":"publish","type":"post","link":"http:\/\/desarrollo.grupomedios.com\/futbol\/futbol-mexicano\/jorge-vergara-prometio-la-treceava-estrella-para-chivas\/2017\/07","title":{"rendered":"Vergara prometi\u00f3 la treceava estrella para Chivas"},"content":{"rendered":"<p>El due\u00f1o de las <em>Chivas Rayadas<\/em> del <strong><a href=\"https:\/\/www.futboltotal.com.mx\/2017\/07\/chivas-y-porto-empatan-en-la-copa-tecate\/\" target=\"_blank\" rel=\"noopener noreferrer\"><span style=\"color: #333399;\">Guadalajara<\/span><\/a>,<a href=\"https:\/\/www.futboltotal.com.mx\/2017\/07\/vergara-aseguro-que-angelica-fuentes-ha-sido-su-peor-error\/\" target=\"_blank\" rel=\"noopener noreferrer\"><span style=\"color: #333399;\"> Jorge Vergara<\/span><\/a><\/strong>, contin\u00faa celebrando el doceavo t\u00edtulo del <em>Chiver\u00edo<\/em> y por ello prometi\u00f3 la estrella n\u00famero 13 a su afici\u00f3n.<\/p>\n<p style=\"text-align: center;\"><a href=\"https:\/\/www.futboltotal.com.mx\/2017\/07\/pumas-lanza-promocion-para-los-peques-del-hogar-ante-pachuca\/\" target=\"_blank\" rel=\"noopener noreferrer\"><span style=\"color: #333399;\">VER M\u00c1S:\u00a0Pumas lanza promoci\u00f3n para los peques del hogar en duelo ante Pachuca<\/span><\/a><\/p>\n<p>Durante un evento realizado en el Palacio de Gobierno de Jalisco, junto al gobernador <strong>Arist\u00f3teles Sandoval<\/strong>, el mandam\u00e1s del \u2018Reba\u00f1o Sagrado\u2019 asegur\u00f3 que \u201cVamos a conseguir la treceava\u201d, as\u00ed mismo, se\u00f1al\u00f3 que los dirigidos por <a href=\"https:\/\/www.futboltotal.com.mx\/2017\/07\/almeyda-presumio-los-regalos-de-dos-ex-jugadores-de-chivas\/\" target=\"_blank\" rel=\"noopener noreferrer\"><span style=\"color: #333399;\"><strong>Mat\u00edas Almeyda<\/strong><\/span><\/a> esperan repetir el doblete en el <a href=\"https:\/\/www.futboltotal.com.mx\/2017\/07\/fmf-recuerda-a-los-suspendidos-inicio-del-apertura-2017\/\" target=\"_blank\" rel=\"noopener noreferrer\"><span style=\"color: #333399;\"><strong>Apertura 2017.<\/strong><\/span><\/a><\/p>\n<p style=\"text-align: center;\"><a href=\"https:\/\/www.futboltotal.com.mx\/2017\/07\/barca-rompe-relaciones-con-padre-de-neymar\/\" target=\"_blank\" rel=\"noopener noreferrer\"><span style=\"color: #333399;\">VER M\u00c1S:\u00a0Barcelona rompe relaciones con el padre de Neymar<\/span><\/a><\/p>\n<p>\u201cSer\u00e1 la \u00faltima vez que lo diga: Vamos a conseguir la tercera y van a festejar la treceava, gracias\u201d, a\u00f1adi\u00f3 <strong>Vergara.<\/strong><\/p>\n<p>&nbsp;<\/p>\n<blockquote class=\"twitter-video\" data-lang=\"es\">\n<p dir=\"ltr\" lang=\"es\"><a href=\"https:\/\/twitter.com\/hashtag\/VIDEO?src=hash\">#VIDEO<\/a><br \/>\n&#8220;Vamos a conseguir la treceava&#8221;: <a href=\"https:\/\/twitter.com\/jorgevergara\">@jorgevergara<\/a> y sus <a href=\"https:\/\/twitter.com\/Chivas\">@Chivas<\/a> campeonas, con el Gobernador de Jalisco I v\u00eda <a href=\"https:\/\/twitter.com\/PressPortmx\">@PressPortmx<\/a> <a href=\"https:\/\/t.co\/uWPXT9BZFm\">pic.twitter.com\/uWPXT9BZFm<\/a><\/p>\n<p>\u2014 DIARIO R\u00c9CORD (@record_mexico) <a href=\"https:\/\/twitter.com\/record_mexico\/status\/888180526477193217\">20 de julio de 2017<\/a><\/p><\/blockquote>\n<p><script async src=\"\/\/platform.twitter.com\/widgets.js\" charset=\"utf-8\"><\/script><\/p>\n","protected":false},"excerpt":{"rendered":"<p>Vergara quiere la treceava para Chivas<\/p>\n","protected":false},"author":20,"featured_media":455025,"comment_status":"closed","ping_status":"closed","sticky":false,"template":"","format":"standard","meta":[],"categories":[2198,3845],"tags":[8357,9458,70,243,1420],"_links":{"self":[{"href":"http:\/\/desarrollo.grupomedios.com\/futbol\/wp-json\/wp\/v2\/posts\/489423"}],"collection":[{"href":"http:\/\/desarrollo.grupomedios.com\/futbol\/wp-json\/wp\/v2\/posts"}],"about":[{"href":"http:\/\/desarrollo.grupomedios.com\/futbol\/wp-json\/wp\/v2\/types\/post"}],"author":[{"embeddable":true,"href":"http:\/\/desarrollo.grupomedios.com\/futbol\/wp-json\/wp\/v2\/users\/20"}],"replies":[{"embeddable":true,"href":"http:\/\/desarrollo.grupomedios.com\/futbol\/wp-json\/wp\/v2\/comments?post=489423"}],"version-history":[{"count":1,"href":"http:\/\/desarrollo.grupomedios.com\/futbol\/wp-json\/wp\/v2\/posts\/489423\/revisions"}],"predecessor-version":[{"id":489425,"href":"http:\/\/desarrollo.grupomedios.com\/futbol\/wp-json\/wp\/v2\/posts\/489423\/revisions\/489425"}],"wp:featuredmedia":[{"embeddable":true,"href":"http:\/\/desarrollo.grupomedios.com\/futbol\/wp-json\/wp\/v2\/media\/455025"}],"wp:attachment":[{"href":"http:\/\/desarrollo.grupomedios.com\/futbol\/wp-json\/wp\/v2\/media?parent=489423"}],"wp:term":[{"taxonomy":"category","embeddable":true,"href":"http:\/\/desarrollo.grupomedios.com\/futbol\/wp-json\/wp\/v2\/categories?post=489423"},{"taxonomy":"post_tag","embeddable":true,"href":"http:\/\/desarrollo.grupomedios.com\/futbol\/wp-json\/wp\/v2\/tags?post=489423"}],"curies":[{"name":"wp","href":"https:\/\/api.w.org\/{rel}","templated":true}]}}