{"id":489429,"date":"2017-07-21T21:01:43","date_gmt":"2017-07-22T02:01:43","guid":{"rendered":"https:\/\/www.futboltotal.com.mx\/?p=489429"},"modified":"2017-07-21T23:06:58","modified_gmt":"2017-07-22T04:06:58","slug":"en-vivo-tijuana-vs-cruz-azul-apertura-2017-liga-mx-jornada-1","status":"publish","type":"post","link":"http:\/\/desarrollo.grupomedios.com\/futbol\/futbol-mexicano\/en-vivo-tijuana-vs-cruz-azul-apertura-2017-liga-mx-jornada-1\/2017\/07","title":{"rendered":"AS\u00cd SE VIVI\u00d3 | Tijuana 0-2 Cruz Azul, La M\u00e1quina visita la frontera"},"content":{"rendered":"<p style=\"text-align: center;\"><span style=\"color: #333399;\"><a style=\"color: #333399;\" href=\"https:\/\/en-vivo.futboltotal.com.mx\/partido\/tijuana-vs-cruz-azul-jornada-1-apertura-2017\/140\/\" target=\"_blank\" rel=\"noopener noreferrer\">SIGUE AQU\u00cd EN VIVO EL TIJUANA VS. CRUZ AZUL A\u00a0LAS 21:00 HORAS<\/a><\/span><\/p>\n<p><em>La M\u00e1quina<\/em> de <strong>Cruz Azul<\/strong> tiene tres a\u00f1os de no acceder a la liguilla y cumplir\u00e1 20 a\u00f1os sin un t\u00edtulo, pero el camino podr\u00eda revertirse y para ello buscar\u00e1 el triunfo cuando visite a los <em>Xolos<\/em> de <strong>Tijuana<\/strong>.<\/p>\n<p>Los <em>Xoloitzcuintles<\/em> viven una etapa de cambio, despu\u00e9s de la partida del entrenador <strong>Miguel Herrera<\/strong>, y de jugadores vitales en el club fronterizo como<strong> Avil\u00e9s Hurtado, Milton Caraglio<\/strong> y<strong> Guido Rodr\u00edguez.<\/strong><\/p>\n<p style=\"text-align: center;\"><span style=\"color: #333399;\"><a style=\"color: #333399;\" href=\"https:\/\/en-vivo.futboltotal.com.mx\/partido\/tijuana-vs-cruz-azul-jornada-1-apertura-2017\/140\/\" target=\"_blank\" rel=\"noopener noreferrer\">SIGUE AQU\u00cd EN VIVO EL TIJUANA VS. CRUZ AZUL A\u00a0LAS 21:00 HORAS<\/a><\/span><\/p>\n<p>Mientras que los cementeros intentar\u00e1n consolidar el proyecto de<strong> Paco J\u00e9mez<\/strong>, y para ello, han tra\u00eddo a algunos jugadores como el delantero goleador <strong>Felipe Mora<\/strong>, el mediocampista espa\u00f1ol <strong>\u00c9dgar M\u00e9ndez<\/strong> y el argentino Alejandro Faurlin, quien de \u00faltimo minuto se ha agregado a la escuadra cruzazulina.<\/p>\n<p>Cruz Azul tendr\u00e1 que ir contra la historia desde la <strong>Jornada 1<\/strong>, ya que nunca ha podido sacar el triunfo en la cancha del Caliente.<\/p>\n<p style=\"text-align: center;\"><a href=\"https:\/\/en-vivo.futboltotal.com.mx\/partido\/tijuana-vs-cruz-azul-jornada-1-apertura-2017\/140\/\" target=\"_blank\" rel=\"noopener noreferrer\"><span style=\"color: #333399;\">SIGUE AQU\u00cd EN VIVO EL TIJUANA VS. CRUZ AZUL A\u00a0LAS 21:00 HORAS<\/span><\/a><\/p>\n","protected":false},"excerpt":{"rendered":"<p>En el estadio Caliente, La M\u00e1quina y los Xolos buscar\u00e1n el primer triunfo del Apertura 2017.<\/p>\n","protected":false},"author":20,"featured_media":489442,"comment_status":"closed","ping_status":"closed","sticky":false,"template":"","format":"standard","meta":[],"categories":[2198,3845],"tags":[8357,5962,64,5974],"_links":{"self":[{"href":"http:\/\/desarrollo.grupomedios.com\/futbol\/wp-json\/wp\/v2\/posts\/489429"}],"collection":[{"href":"http:\/\/desarrollo.grupomedios.com\/futbol\/wp-json\/wp\/v2\/posts"}],"about":[{"href":"http:\/\/desarrollo.grupomedios.com\/futbol\/wp-json\/wp\/v2\/types\/post"}],"author":[{"embeddable":true,"href":"http:\/\/desarrollo.grupomedios.com\/futbol\/wp-json\/wp\/v2\/users\/20"}],"replies":[{"embeddable":true,"href":"http:\/\/desarrollo.grupomedios.com\/futbol\/wp-json\/wp\/v2\/comments?post=489429"}],"version-history":[{"count":9,"href":"http:\/\/desarrollo.grupomedios.com\/futbol\/wp-json\/wp\/v2\/posts\/489429\/revisions"}],"predecessor-version":[{"id":489611,"href":"http:\/\/desarrollo.grupomedios.com\/futbol\/wp-json\/wp\/v2\/posts\/489429\/revisions\/489611"}],"wp:featuredmedia":[{"embeddable":true,"href":"http:\/\/desarrollo.grupomedios.com\/futbol\/wp-json\/wp\/v2\/media\/489442"}],"wp:attachment":[{"href":"http:\/\/desarrollo.grupomedios.com\/futbol\/wp-json\/wp\/v2\/media?parent=489429"}],"wp:term":[{"taxonomy":"category","embeddable":true,"href":"http:\/\/desarrollo.grupomedios.com\/futbol\/wp-json\/wp\/v2\/categories?post=489429"},{"taxonomy":"post_tag","embeddable":true,"href":"http:\/\/desarrollo.grupomedios.com\/futbol\/wp-json\/wp\/v2\/tags?post=489429"}],"curies":[{"name":"wp","href":"https:\/\/api.w.org\/{rel}","templated":true}]}}